{"id":21661,"date":"2024-10-15T11:27:09","date_gmt":"2024-10-15T11:27:09","guid":{"rendered":"https:\/\/aclinicadrpedromota.pt\/quand-la-parodontite-augmente-le-risque-davc\/"},"modified":"2026-03-11T15:55:04","modified_gmt":"2026-03-11T15:55:04","slug":"quand-la-parodontite-augmente-le-risque-davc","status":"publish","type":"post","link":"https:\/\/aclinicadrpedromota.pt\/fr\/quand-la-parodontite-augmente-le-risque-davc\/","title":{"rendered":"Quand la parodontite augmente le risque d\u2019AVC"},"content":{"rendered":"\t\t<div data-elementor-type=\"wp-post\" data-elementor-id=\"21661\" class=\"elementor elementor-21661 elementor-16476\" data-elementor-post-type=\"post\">\n\t\t\t\t\t\t<section class=\"elementor-section elementor-top-section elementor-element elementor-element-1b9c732f elementor-section-boxed elementor-section-height-default elementor-section-height-default\" data-id=\"1b9c732f\" data-element_type=\"section\" data-e-type=\"section\">\n\t\t\t\t\t\t<div class=\"elementor-container elementor-column-gap-extended\">\n\t\t\t\t\t<div class=\"elementor-column elementor-col-66 elementor-top-column elementor-element elementor-element-55a07669\" data-id=\"55a07669\" data-element_type=\"column\" data-e-type=\"column\">\n\t\t\t<div class=\"elementor-widget-wrap elementor-element-populated\">\n\t\t\t\t\t\t<div class=\"elementor-element elementor-element-44140171 elementor-widget elementor-widget-heading\" data-id=\"44140171\" data-element_type=\"widget\" data-e-type=\"widget\" data-widget_type=\"heading.default\">\n\t\t\t\t<div class=\"elementor-widget-container\">\n\t\t\t\t\t<h1 class=\"elementor-heading-title elementor-size-default\">Quand la parodontite augmente le risque d\u2019AVC!<\/h1>\t\t\t\t<\/div>\n\t\t\t\t<\/div>\n\t\t\t\t<div class=\"elementor-element elementor-element-395717b elementor-widget elementor-widget-image\" data-id=\"395717b\" data-element_type=\"widget\" data-e-type=\"widget\" data-widget_type=\"image.default\">\n\t\t\t\t<div class=\"elementor-widget-container\">\n\t\t\t\t\t\t\t\t\t\t\t\t\t\t\t<img fetchpriority=\"high\" decoding=\"async\" width=\"1366\" height=\"600\" src=\"https:\/\/aclinicadrpedromota.pt\/wp-content\/uploads\/2024\/10\/AVCvsPERIO-Desktop-blog.webp\" class=\"attachment-full size-full wp-image-21660\" alt=\"parodontite\" srcset=\"https:\/\/aclinicadrpedromota.pt\/wp-content\/uploads\/2024\/10\/AVCvsPERIO-Desktop-blog.webp 1366w, https:\/\/aclinicadrpedromota.pt\/wp-content\/uploads\/2024\/10\/AVCvsPERIO-Desktop-blog-300x132.webp 300w, https:\/\/aclinicadrpedromota.pt\/wp-content\/uploads\/2024\/10\/AVCvsPERIO-Desktop-blog-1024x450.webp 1024w, https:\/\/aclinicadrpedromota.pt\/wp-content\/uploads\/2024\/10\/AVCvsPERIO-Desktop-blog-768x337.webp 768w\" sizes=\"(max-width: 1366px) 100vw, 1366px\" \/>\t\t\t\t\t\t\t\t\t\t\t\t\t\t\t<\/div>\n\t\t\t\t<\/div>\n\t\t\t\t<div class=\"elementor-element elementor-element-13a25cec elementor-widget elementor-widget-text-editor\" data-id=\"13a25cec\" data-element_type=\"widget\" data-e-type=\"widget\" data-widget_type=\"text-editor.default\">\n\t\t\t\t<div class=\"elementor-widget-container\">\n\t\t\t\t\t\t\t\t\t<p>Saviez-vous que la <strong>parodontite<\/strong>, une inflammation tr\u00e8s grave des gencives, peut \u00eatre directement li\u00e9e \u00e0 l\u2019augmentation du r<strong>isque d\u2019AVC <\/strong>ou de <strong>l\u2019aggravation des maladies cardiovasculaires diagnostiqu\u00e9es <\/strong>?<\/p><p>Le lien entre les deux est l\u2019inflammation qui peut avoir une <strong>influence sur les tissus \u00e9loign\u00e9s des gencives.<\/strong><\/p><p>En fait, la sant\u00e9 bucco-dentaire est plus li\u00e9e \u00e0 la sant\u00e9 cardiovasculaire que ce que l\u2019on pourrait penser ou avoir pens\u00e9 autrefois.<\/p><p>M\u00eame l<strong>a parodontite peut \u00eatre un facteur qui a contribu\u00e9 au d\u00e9veloppement de probl\u00e8mes de sant\u00e9 tr\u00e8s graves<\/strong>, comme l\u2019AVC, mais pas seulement&#8230;<\/p><p>Avec cet article, nous allons essayer de vous expliquer le<strong> lien entre la sant\u00e9 bucco-dentaire et le c\u0153ur<\/strong>, quels sont les facteurs de risque et quelles actions vous pouvez prendre pour pr\u00e9venir la parodontite.<\/p><p>Cet article sera \u00e9galement extr\u00eamement utile pour vous aider \u00e0 prendre soin de votre sant\u00e9 dans son ensemble, \u00e9tant donn\u00e9 que, selon les donn\u00e9es les plus r\u00e9centes de l\u2019Institut national des statistiques (INE), l<strong>es maladies c\u00e9r\u00e9brovasculaires (AVC) ont \u00e9t\u00e9 la cause du plus grand nombre de d\u00e9c\u00e8s en 2022<\/strong>, avec 9 616 d\u00e9c\u00e8s de r\u00e9sidents par accident vasculaire c\u00e9r\u00e9bral, qui repr\u00e9sentaient 7,7 % du total des d\u00e9c\u00e8s de r\u00e9sidents.*<\/p>\t\t\t\t\t\t\t\t<\/div>\n\t\t\t\t<\/div>\n\t\t\t\t<div class=\"elementor-element elementor-element-38afcd5d elementor-toc--minimized-on-tablet elementor-widget elementor-widget-table-of-contents\" data-id=\"38afcd5d\" data-element_type=\"widget\" data-e-type=\"widget\" data-settings=\"{&quot;headings_by_tags&quot;:[&quot;h2&quot;,&quot;h3&quot;],&quot;exclude_headings_by_selector&quot;:[],&quot;no_headings_message&quot;:&quot;No headings were found on this page.&quot;,&quot;marker_view&quot;:&quot;numbers&quot;,&quot;minimize_box&quot;:&quot;yes&quot;,&quot;minimized_on&quot;:&quot;tablet&quot;,&quot;hierarchical_view&quot;:&quot;yes&quot;,&quot;min_height&quot;:{&quot;unit&quot;:&quot;px&quot;,&quot;size&quot;:&quot;&quot;,&quot;sizes&quot;:[]},&quot;min_height_tablet&quot;:{&quot;unit&quot;:&quot;px&quot;,&quot;size&quot;:&quot;&quot;,&quot;sizes&quot;:[]},&quot;min_height_mobile&quot;:{&quot;unit&quot;:&quot;px&quot;,&quot;size&quot;:&quot;&quot;,&quot;sizes&quot;:[]}}\" data-widget_type=\"table-of-contents.default\">\n\t\t\t\t<div class=\"elementor-widget-container\">\n\t\t\t\t\t\t\t<div class=\"elementor-toc__header\">\n\t\t\t<h5 class=\"elementor-toc__header-title\">\n\t\t\t\tContenus abord\u00e9s :\t\t\t<\/h5>\n\t\t\t\t\t\t\t<div class=\"elementor-toc__toggle-button elementor-toc__toggle-button--expand\" role=\"button\" tabindex=\"0\" aria-controls=\"elementor-toc__38afcd5d\" aria-expanded=\"true\" aria-label=\"Open table of contents\"><svg aria-hidden=\"true\" class=\"e-font-icon-svg e-fas-chevron-down\" viewBox=\"0 0 448 512\" xmlns=\"http:\/\/www.w3.org\/2000\/svg\"><path d=\"M207.029 381.476L12.686 187.132c-9.373-9.373-9.373-24.569 0-33.941l22.667-22.667c9.357-9.357 24.522-9.375 33.901-.04L224 284.505l154.745-154.021c9.379-9.335 24.544-9.317 33.901.04l22.667 22.667c9.373 9.373 9.373 24.569 0 33.941L240.971 381.476c-9.373 9.372-24.569 9.372-33.942 0z\"><\/path><\/svg><\/div>\n\t\t\t\t<div class=\"elementor-toc__toggle-button elementor-toc__toggle-button--collapse\" role=\"button\" tabindex=\"0\" aria-controls=\"elementor-toc__38afcd5d\" aria-expanded=\"true\" aria-label=\"Close table of contents\"><svg aria-hidden=\"true\" class=\"e-font-icon-svg e-fas-chevron-up\" viewBox=\"0 0 448 512\" xmlns=\"http:\/\/www.w3.org\/2000\/svg\"><path d=\"M240.971 130.524l194.343 194.343c9.373 9.373 9.373 24.569 0 33.941l-22.667 22.667c-9.357 9.357-24.522 9.375-33.901.04L224 227.495 69.255 381.516c-9.379 9.335-24.544 9.317-33.901-.04l-22.667-22.667c-9.373-9.373-9.373-24.569 0-33.941L207.03 130.525c9.372-9.373 24.568-9.373 33.941-.001z\"><\/path><\/svg><\/div>\n\t\t\t\t\t<\/div>\n\t\t<div id=\"elementor-toc__38afcd5d\" class=\"elementor-toc__body\">\n\t\t\t<div class=\"elementor-toc__spinner-container\">\n\t\t\t\t<svg class=\"elementor-toc__spinner eicon-animation-spin e-font-icon-svg e-eicon-loading\" aria-hidden=\"true\" viewBox=\"0 0 1000 1000\" xmlns=\"http:\/\/www.w3.org\/2000\/svg\"><path d=\"M500 975V858C696 858 858 696 858 500S696 142 500 142 142 304 142 500H25C25 237 238 25 500 25S975 237 975 500 763 975 500 975Z\"><\/path><\/svg>\t\t\t<\/div>\n\t\t<\/div>\n\t\t\t\t\t\t<\/div>\n\t\t\t\t<\/div>\n\t\t\t\t<div class=\"elementor-element elementor-element-1fb484ae elementor-widget elementor-widget-heading\" data-id=\"1fb484ae\" data-element_type=\"widget\" data-e-type=\"widget\" data-widget_type=\"heading.default\">\n\t\t\t\t<div class=\"elementor-widget-container\">\n\t\t\t\t\t<h2 class=\"elementor-heading-title elementor-size-default\">Parler de la parodontite est...<\/h2>\t\t\t\t<\/div>\n\t\t\t\t<\/div>\n\t\t\t\t<div class=\"elementor-element elementor-element-4e02a0e6 elementor-widget elementor-widget-text-editor\" data-id=\"4e02a0e6\" data-element_type=\"widget\" data-e-type=\"widget\" data-widget_type=\"text-editor.default\">\n\t\t\t\t<div class=\"elementor-widget-container\">\n\t\t\t\t\t\t\t\t\t<p>La <strong>parodontologie <\/strong>est une <strong>sp\u00e9cialit\u00e9 de la m\u00e9decine dentaire <\/strong>qui se consacre au <strong>diagnostic, \u00e0 la pr\u00e9vention et au traitement <\/strong>des maladies affectant les tissus qui soutiennent les dents : <strong>gencives, os et ligament.<\/strong><\/p><p>De son c\u00f4t\u00e9, la<strong> parodontite est une \u00e9volution de la gingivite<\/strong>, une infection grave qui commence \u00e0 affecter non seulement les gencives, mais aussi l\u2019os qui soutient les dents. Lorsque l\u2019inflammation n\u2019est pas trait\u00e9e, elle peut entra\u00eener la perte des dents et la destruction du tissu osseux. <\/p><p>En plus de cela, nous pouvons \u00e9galement ajouter que cette condition est l\u2019une des principales causes de perte dentaire chez les adultes.<\/p>\t\t\t\t\t\t\t\t<\/div>\n\t\t\t\t<\/div>\n\t\t\t\t<div class=\"elementor-element elementor-element-537245cb elementor-widget elementor-widget-heading\" data-id=\"537245cb\" data-element_type=\"widget\" data-e-type=\"widget\" data-widget_type=\"heading.default\">\n\t\t\t\t<div class=\"elementor-widget-container\">\n\t\t\t\t\t<h2 class=\"elementor-heading-title elementor-size-default\">Facteurs communs \u00e0 la parodontite et l\u2019AVC<\/h2>\t\t\t\t<\/div>\n\t\t\t\t<\/div>\n\t\t\t\t<div class=\"elementor-element elementor-element-6d9cde18 elementor-widget elementor-widget-text-editor\" data-id=\"6d9cde18\" data-element_type=\"widget\" data-e-type=\"widget\" data-widget_type=\"text-editor.default\">\n\t\t\t\t<div class=\"elementor-widget-container\">\n\t\t\t\t\t\t\t\t\t<p>Il existe des facteurs de risque qui contribuent au d\u00e9veloppement de ces maladies, et l&rsquo;on retrouve un trio commun, compos\u00e9 notamment de :<br>1. <strong style=\"font-size: 16px;\">Tabac<\/strong><br>2. <strong>Ob\u00e9sit\u00e9<\/strong><br>3. <strong>Diab\u00e8te<\/strong><\/p><p>\u00c0 cette petite liste, on peut ajouter, en second lieu, <strong><em>l\u2019hypertension art\u00e9rielle et le cholest\u00e9rol \u00e9lev\u00e9.<\/em><\/strong><\/p><p>Maintenant, il n\u2019a pas de difficult\u00e9 \u00e0 comprendre qu\u2019en contr\u00f4lant ces facteurs, il peut aider \u00e0 r\u00e9duire le risque des deux conditions.<\/p><p>Donc, la relation entre la parodontite et l\u2019AVC est claire et scientifiquement prouv\u00e9e, mais c<strong>omment une infection des gencives peut-elle affecter le cerveau <\/strong>? La r\u00e9ponse est dans <strong>l\u2019inflammation<\/strong>!<\/p>\t\t\t\t\t\t\t\t<\/div>\n\t\t\t\t<\/div>\n\t\t\t\t<div class=\"elementor-element elementor-element-c5fe658 elementor-widget elementor-widget-heading\" data-id=\"c5fe658\" data-element_type=\"widget\" data-e-type=\"widget\" data-widget_type=\"heading.default\">\n\t\t\t\t<div class=\"elementor-widget-container\">\n\t\t\t\t\t<h2 class=\"elementor-heading-title elementor-size-default\">Inflammation des gencives : le conducteur parfait pour l\u2019entr\u00e9e de bact\u00e9ries dans la circulation sanguine<\/h2>\t\t\t\t<\/div>\n\t\t\t\t<\/div>\n\t\t\t\t<div class=\"elementor-element elementor-element-0892d8c elementor-widget elementor-widget-text-editor\" data-id=\"0892d8c\" data-element_type=\"widget\" data-e-type=\"widget\" data-widget_type=\"text-editor.default\">\n\t\t\t\t<div class=\"elementor-widget-container\">\n\t\t\t\t\t\t\t\t\t<p>La <strong>parodontite <\/strong>provoque une inflammation chronique dans le corps, ce qui peut<strong> entra\u00eener l\u2019entr\u00e9e de bact\u00e9ries et de toxines dans la circulation sanguine.<\/strong><\/p><p>C\u2019est ainsi que ces agents nocifs p\u00e9n\u00e8trent et provoquent des inflammations dans d\u2019autres parties du corps, y compris les art\u00e8res, contribuant \u00e0 la formation de plaques graisseuses dans les vaisseaux sanguins (ath\u00e9roscl\u00e9rose).<\/p><p><strong>Cette situation augmente le risque de caillots sanguins qui peuvent bloquer le flux sanguin vers le cerveau, ce qui peut entra\u00eener un AVC.<\/strong><\/p><p>Il est donc essentiel de reconna\u00eetre <strong>les signes pr\u00e9coces de la parodontite <\/strong>afin d\u2019\u00e9viter qu\u2019elle n\u2019\u00e9volue dans un \u00e9tat grave affectant tout l\u2019organisme.<\/p>\t\t\t\t\t\t\t\t<\/div>\n\t\t\t\t<\/div>\n\t\t\t\t<div class=\"elementor-element elementor-element-51c60e3 elementor-widget elementor-widget-heading\" data-id=\"51c60e3\" data-element_type=\"widget\" data-e-type=\"widget\" data-widget_type=\"heading.default\">\n\t\t\t\t<div class=\"elementor-widget-container\">\n\t\t\t\t\t<h2 class=\"elementor-heading-title elementor-size-default\">Comment pr\u00e9venir la parodontite?<\/h2>\t\t\t\t<\/div>\n\t\t\t\t<\/div>\n\t\t\t\t<div class=\"elementor-element elementor-element-0e1603a elementor-widget elementor-widget-text-editor\" data-id=\"0e1603a\" data-element_type=\"widget\" data-e-type=\"widget\" data-widget_type=\"text-editor.default\">\n\t\t\t\t<div class=\"elementor-widget-container\">\n\t\t\t\t\t\t\t\t\t<p>La pr\u00e9vention est m\u00eame le seul moyen de r\u00e9duire les risques associ\u00e9s \u00e0 la parodontite, aux autres maladies des gencives et m\u00eame \u00e0 l\u2019accident vasculaire c\u00e9r\u00e9bral. Si c\u2019est le cas, ne n\u00e9gligez pas ces actions dans votre vie quotidienne pour le bien de votre sant\u00e9 : <\/p>\t\t\t\t\t\t\t\t<\/div>\n\t\t\t\t<\/div>\n\t\t\t\t<div class=\"elementor-element elementor-element-269b38ea elementor-icon-list--layout-traditional elementor-list-item-link-full_width elementor-widget elementor-widget-icon-list\" data-id=\"269b38ea\" data-element_type=\"widget\" data-e-type=\"widget\" data-widget_type=\"icon-list.default\">\n\t\t\t\t<div class=\"elementor-widget-container\">\n\t\t\t\t\t\t\t<ul class=\"elementor-icon-list-items\">\n\t\t\t\t\t\t\t<li class=\"elementor-icon-list-item\">\n\t\t\t\t\t\t\t\t\t\t\t<span class=\"elementor-icon-list-icon\">\n\t\t\t\t\t\t\t<svg aria-hidden=\"true\" class=\"e-font-icon-svg e-fas-chevron-right\" viewBox=\"0 0 320 512\" xmlns=\"http:\/\/www.w3.org\/2000\/svg\"><path d=\"M285.476 272.971L91.132 467.314c-9.373 9.373-24.569 9.373-33.941 0l-22.667-22.667c-9.357-9.357-9.375-24.522-.04-33.901L188.505 256 34.484 101.255c-9.335-9.379-9.317-24.544.04-33.901l22.667-22.667c9.373-9.373 24.569-9.373 33.941 0L285.475 239.03c9.373 9.372 9.373 24.568.001 33.941z\"><\/path><\/svg>\t\t\t\t\t\t<\/span>\n\t\t\t\t\t\t\t\t\t\t<span class=\"elementor-icon-list-text\">Se brosser les dents 2 minutes, 2 fois par jour en inclinant la brosse \u00e0 45\u00b0 vers l\u2019union entre la gencive et la dent.<\/span>\n\t\t\t\t\t\t\t\t\t<\/li>\n\t\t\t\t\t\t\t\t<li class=\"elementor-icon-list-item\">\n\t\t\t\t\t\t\t\t\t\t\t<span class=\"elementor-icon-list-icon\">\n\t\t\t\t\t\t\t<svg aria-hidden=\"true\" class=\"e-font-icon-svg e-fas-chevron-right\" viewBox=\"0 0 320 512\" xmlns=\"http:\/\/www.w3.org\/2000\/svg\"><path d=\"M285.476 272.971L91.132 467.314c-9.373 9.373-24.569 9.373-33.941 0l-22.667-22.667c-9.357-9.357-9.375-24.522-.04-33.901L188.505 256 34.484 101.255c-9.335-9.379-9.317-24.544.04-33.901l22.667-22.667c9.373-9.373 24.569-9.373 33.941 0L285.475 239.03c9.373 9.372 9.373 24.568.001 33.941z\"><\/path><\/svg>\t\t\t\t\t\t<\/span>\n\t\t\t\t\t\t\t\t\t\t<span class=\"elementor-icon-list-text\">Utiliser quotidiennement des balais interproximaux ou du fil dentaire entre toutes les dents.<\/span>\n\t\t\t\t\t\t\t\t\t<\/li>\n\t\t\t\t\t\t\t\t<li class=\"elementor-icon-list-item\">\n\t\t\t\t\t\t\t\t\t\t\t<span class=\"elementor-icon-list-icon\">\n\t\t\t\t\t\t\t<svg aria-hidden=\"true\" class=\"e-font-icon-svg e-fas-chevron-right\" viewBox=\"0 0 320 512\" xmlns=\"http:\/\/www.w3.org\/2000\/svg\"><path d=\"M285.476 272.971L91.132 467.314c-9.373 9.373-24.569 9.373-33.941 0l-22.667-22.667c-9.357-9.357-9.375-24.522-.04-33.901L188.505 256 34.484 101.255c-9.335-9.379-9.317-24.544.04-33.901l22.667-22.667c9.373-9.373 24.569-9.373 33.941 0L285.475 239.03c9.373 9.372 9.373 24.568.001 33.941z\"><\/path><\/svg>\t\t\t\t\t\t<\/span>\n\t\t\t\t\t\t\t\t\t\t<span class=\"elementor-icon-list-text\">Consulter r\u00e9guli\u00e8rement un dentiste (au moins tous les six mois).<\/span>\n\t\t\t\t\t\t\t\t\t<\/li>\n\t\t\t\t\t\t\t\t<li class=\"elementor-icon-list-item\">\n\t\t\t\t\t\t\t\t\t\t\t<span class=\"elementor-icon-list-icon\">\n\t\t\t\t\t\t\t<svg aria-hidden=\"true\" class=\"e-font-icon-svg e-fas-chevron-right\" viewBox=\"0 0 320 512\" xmlns=\"http:\/\/www.w3.org\/2000\/svg\"><path d=\"M285.476 272.971L91.132 467.314c-9.373 9.373-24.569 9.373-33.941 0l-22.667-22.667c-9.357-9.357-9.375-24.522-.04-33.901L188.505 256 34.484 101.255c-9.335-9.379-9.317-24.544.04-33.901l22.667-22.667c9.373-9.373 24.569-9.373 33.941 0L285.475 239.03c9.373 9.372 9.373 24.568.001 33.941z\"><\/path><\/svg>\t\t\t\t\t\t<\/span>\n\t\t\t\t\t\t\t\t\t\t<span class=\"elementor-icon-list-text\">\u00catre attentif aux facteurs de risque<br>Ne fumez pas et contr\u00f4lez les maladies chroniques comme le diab\u00e8te ou l\u2019hypertension.<\/span>\n\t\t\t\t\t\t\t\t\t<\/li>\n\t\t\t\t\t\t<\/ul>\n\t\t\t\t\t\t<\/div>\n\t\t\t\t<\/div>\n\t\t\t\t<div class=\"elementor-element elementor-element-d6f4e62 elementor-widget elementor-widget-text-editor\" data-id=\"d6f4e62\" data-element_type=\"widget\" data-e-type=\"widget\" data-widget_type=\"text-editor.default\">\n\t\t\t\t<div class=\"elementor-widget-container\">\n\t\t\t\t\t\t\t\t\t<p>\u00c0 tout cela peut s\u2019ajouter <strong>l\u2019adoption d\u2019une alimentation saine riche <\/strong>en fruits et l\u00e9gumes, qui aide \u00e0 renforcer le syst\u00e8me immunitaire, tout en<strong> r\u00e9duisant la consommation de sucres <\/strong>pour \u00e9viter la formation de plaque.<\/p><p><strong>La relation entre la parodontite et l\u2019AVC souligne l\u2019importance de prendre soin de la sant\u00e9 bucco-dentaire <\/strong>dans le cadre d\u2019un plan complet de pr\u00e9vention des maladies cardiaques et vasculaires.<\/p><p>Maintenir une bonne hygi\u00e8ne bucco-dentaire et consulter r\u00e9guli\u00e8rement nos dentistes, non seulement aide \u00e0 pr\u00e9venir les probl\u00e8mes dentaires, mais peut \u00e9galement r\u00e9duire consid\u00e9rablement le risque de probl\u00e8mes de sant\u00e9 graves associ\u00e9s, comme un AVC.<\/p>\t\t\t\t\t\t\t\t<\/div>\n\t\t\t\t<\/div>\n\t\t\t\t<div class=\"elementor-element elementor-element-b13e78c elementor-widget elementor-widget-text-editor\" data-id=\"b13e78c\" data-element_type=\"widget\" data-e-type=\"widget\" data-widget_type=\"text-editor.default\">\n\t\t\t\t<div class=\"elementor-widget-container\">\n\t\t\t\t\t\t\t\t\t<p>Apr\u00e8s tout, prendre soin de vos gencives, c\u2019est prendre soin de votre c\u0153ur!<\/p><p>Si vous suspectez des sympt\u00f4mes de parodontite, demandez de l\u2019aide pour \u00e9viter des complications graves.<\/p>\t\t\t\t\t\t\t\t<\/div>\n\t\t\t\t<\/div>\n\t\t\t\t<div class=\"elementor-element elementor-element-5985b4f elementor-widget elementor-widget-text-editor\" data-id=\"5985b4f\" data-element_type=\"widget\" data-e-type=\"widget\" data-widget_type=\"text-editor.default\">\n\t\t\t\t<div class=\"elementor-widget-container\">\n\t\t\t\t\t\t\t\t\t<p>Sources:<br>* <a href=\"https:\/\/www.ine.pt\/xportal\/xmain?xpid=INE&amp;xpgid=ine_destaques&amp;DESTAQUESdest_boui=646027025&amp;DESTAQUESmodo=2&amp;xlang=pt\" target=\"_blank\" rel=\"noopener\">Portail de l\u2019INE<\/a><br>** <a href=\"https:\/\/www.omd.pt\/publico\/doencas-periodontais\/periodontite-doencas-cardiovasculares\/\" target=\"_blank\" rel=\"noopener\">Parodontite et maladies cardiovasculaires &#8211; Ordre des dentistes (omd.pt)<\/a><\/p>\t\t\t\t\t\t\t\t<\/div>\n\t\t\t\t<\/div>\n\t\t\t\t\t<\/div>\n\t\t<\/div>\n\t\t\t\t<div class=\"elementor-column elementor-col-33 elementor-top-column elementor-element elementor-element-27c7477c\" data-id=\"27c7477c\" data-element_type=\"column\" data-e-type=\"column\">\n\t\t\t<div class=\"elementor-widget-wrap elementor-element-populated\">\n\t\t\t\t\t\t<div class=\"elementor-element elementor-element-7ecbdec1 elementor-widget elementor-widget-text-editor\" data-id=\"7ecbdec1\" data-element_type=\"widget\" data-e-type=\"widget\" data-widget_type=\"text-editor.default\">\n\t\t\t\t<div class=\"elementor-widget-container\">\n\t\t\t\t\t\t\t\t\t<p>Vous pourriez \u00eatre int\u00e9ress\u00e9 par :<\/p>\t\t\t\t\t\t\t\t<\/div>\n\t\t\t\t<\/div>\n\t\t\t\t\t<\/div>\n\t\t<\/div>\n\t\t\t\t\t<\/div>\n\t\t<\/section>\n\t\t\t\t<\/div>\n\t\t","protected":false},"excerpt":{"rendered":"<p>Saviez-vous que la parodontite, une inflammation tr\u00e8s grave des gencives, peut \u00eatre directement li\u00e9e \u00e0 un risque accru d\u2019AVC ou \u00e0 l\u2019aggravation de maladies cardiovasculaires diagnostiqu\u00e9es ?<\/p>\n","protected":false},"author":2,"featured_media":21660,"comment_status":"closed","ping_status":"open","sticky":false,"template":"","format":"standard","meta":{"site-sidebar-layout":"default","site-content-layout":"","ast-site-content-layout":"default","site-content-style":"default","site-sidebar-style":"default","ast-global-header-display":"","ast-banner-title-visibility":"","ast-main-header-display":"","ast-hfb-above-header-display":"","ast-hfb-below-header-display":"","ast-hfb-mobile-header-display":"","site-post-title":"","ast-breadcrumbs-content":"","ast-featured-img":"","footer-sml-layout":"","ast-disable-related-posts":"","theme-transparent-header-meta":"","adv-header-id-meta":"","stick-header-meta":"","header-above-stick-meta":"","header-main-stick-meta":"","header-below-stick-meta":"","astra-migrate-meta-layouts":"default","ast-page-background-enabled":"default","ast-page-background-meta":{"desktop":{"background-color":"var(--ast-global-color-4)","background-image":"","background-repeat":"repeat","background-position":"center center","background-size":"auto","background-attachment":"scroll","background-type":"","background-media":"","overlay-type":"","overlay-color":"","overlay-opacity":"","overlay-gradient":""},"tablet":{"background-color":"","background-image":"","background-repeat":"repeat","background-position":"center center","background-size":"auto","background-attachment":"scroll","background-type":"","background-media":"","overlay-type":"","overlay-color":"","overlay-opacity":"","overlay-gradient":""},"mobile":{"background-color":"","background-image":"","background-repeat":"repeat","background-position":"center center","background-size":"auto","background-attachment":"scroll","background-type":"","background-media":"","overlay-type":"","overlay-color":"","overlay-opacity":"","overlay-gradient":""}},"ast-content-background-meta":{"desktop":{"background-color":"var(--ast-global-color-5)","background-image":"","background-repeat":"repeat","background-position":"center center","background-size":"auto","background-attachment":"scroll","background-type":"","background-media":"","overlay-type":"","overlay-color":"","overlay-opacity":"","overlay-gradient":""},"tablet":{"background-color":"var(--ast-global-color-5)","background-image":"","background-repeat":"repeat","background-position":"center center","background-size":"auto","background-attachment":"scroll","background-type":"","background-media":"","overlay-type":"","overlay-color":"","overlay-opacity":"","overlay-gradient":""},"mobile":{"background-color":"var(--ast-global-color-5)","background-image":"","background-repeat":"repeat","background-position":"center center","background-size":"auto","background-attachment":"scroll","background-type":"","background-media":"","overlay-type":"","overlay-color":"","overlay-opacity":"","overlay-gradient":""}},"_joinchat":[],"footnotes":""},"categories":[130],"tags":[185,198,197,132],"class_list":["post-21661","post","type-post","status-publish","format-standard","has-post-thumbnail","hentry","category-articles-de-blog","tag-gengivas","tag-parodontite","tag-parodontologie","tag-sante-buccale"],"_links":{"self":[{"href":"https:\/\/aclinicadrpedromota.pt\/fr\/wp-json\/wp\/v2\/posts\/21661","targetHints":{"allow":["GET"]}}],"collection":[{"href":"https:\/\/aclinicadrpedromota.pt\/fr\/wp-json\/wp\/v2\/posts"}],"about":[{"href":"https:\/\/aclinicadrpedromota.pt\/fr\/wp-json\/wp\/v2\/types\/post"}],"author":[{"embeddable":true,"href":"https:\/\/aclinicadrpedromota.pt\/fr\/wp-json\/wp\/v2\/users\/2"}],"replies":[{"embeddable":true,"href":"https:\/\/aclinicadrpedromota.pt\/fr\/wp-json\/wp\/v2\/comments?post=21661"}],"version-history":[{"count":2,"href":"https:\/\/aclinicadrpedromota.pt\/fr\/wp-json\/wp\/v2\/posts\/21661\/revisions"}],"predecessor-version":[{"id":21663,"href":"https:\/\/aclinicadrpedromota.pt\/fr\/wp-json\/wp\/v2\/posts\/21661\/revisions\/21663"}],"wp:featuredmedia":[{"embeddable":true,"href":"https:\/\/aclinicadrpedromota.pt\/fr\/wp-json\/wp\/v2\/media\/21660"}],"wp:attachment":[{"href":"https:\/\/aclinicadrpedromota.pt\/fr\/wp-json\/wp\/v2\/media?parent=21661"}],"wp:term":[{"taxonomy":"category","embeddable":true,"href":"https:\/\/aclinicadrpedromota.pt\/fr\/wp-json\/wp\/v2\/categories?post=21661"},{"taxonomy":"post_tag","embeddable":true,"href":"https:\/\/aclinicadrpedromota.pt\/fr\/wp-json\/wp\/v2\/tags?post=21661"}],"curies":[{"name":"wp","href":"https:\/\/api.w.org\/{rel}","templated":true}]}}