{"id":21595,"date":"2026-03-10T17:44:09","date_gmt":"2026-03-10T17:44:09","guid":{"rendered":"https:\/\/aclinicadrpedromota.pt\/parodontite-et-sante-generale-pourquoi-linflammation-des-gencives-nest-pas-un-probleme-local\/"},"modified":"2026-03-11T15:55:04","modified_gmt":"2026-03-11T15:55:04","slug":"parodontite-et-sante-generale-pourquoi-linflammation-des-gencives-nest-pas-un-probleme-local","status":"publish","type":"post","link":"https:\/\/aclinicadrpedromota.pt\/fr\/parodontite-et-sante-generale-pourquoi-linflammation-des-gencives-nest-pas-un-probleme-local\/","title":{"rendered":"Parodontite et sant\u00e9 g\u00e9n\u00e9rale : pourquoi l\u2019inflammation des gencives n\u2019est pas un probl\u00e8me local"},"content":{"rendered":"\t\t<div data-elementor-type=\"wp-post\" data-elementor-id=\"21595\" class=\"elementor elementor-21595 elementor-21555\" data-elementor-post-type=\"post\">\n\t\t\t\t\t\t<section class=\"elementor-section elementor-top-section elementor-element elementor-element-69ccd57 elementor-section-boxed elementor-section-height-default elementor-section-height-default\" data-id=\"69ccd57\" data-element_type=\"section\" data-e-type=\"section\">\n\t\t\t\t\t\t<div class=\"elementor-container elementor-column-gap-extended\">\n\t\t\t\t\t<div class=\"elementor-column elementor-col-66 elementor-top-column elementor-element elementor-element-cf49ef5\" data-id=\"cf49ef5\" data-element_type=\"column\" data-e-type=\"column\">\n\t\t\t<div class=\"elementor-widget-wrap elementor-element-populated\">\n\t\t\t\t\t\t<div class=\"elementor-element elementor-element-8d3780c elementor-widget elementor-widget-heading\" data-id=\"8d3780c\" data-element_type=\"widget\" data-e-type=\"widget\" data-widget_type=\"heading.default\">\n\t\t\t\t<div class=\"elementor-widget-container\">\n\t\t\t\t\t<h1 class=\"elementor-heading-title elementor-size-default\">Parodontite et sant\u00e9 g\u00e9n\u00e9rale : pourquoi l\u2019inflammation des gencives n\u2019est pas un probl\u00e8me local<\/h1>\t\t\t\t<\/div>\n\t\t\t\t<\/div>\n\t\t\t\t<div class=\"elementor-element elementor-element-b4f9103 elementor-widget__width-initial elementor-widget elementor-widget-image\" data-id=\"b4f9103\" data-element_type=\"widget\" data-e-type=\"widget\" data-widget_type=\"image.default\">\n\t\t\t\t<div class=\"elementor-widget-container\">\n\t\t\t\t\t\t\t\t\t\t\t\t\t\t\t<img fetchpriority=\"high\" decoding=\"async\" width=\"1024\" height=\"450\" src=\"https:\/\/aclinicadrpedromota.pt\/wp-content\/uploads\/2026\/03\/Imagens_Blogue__Periodontite-e-saude-geral-1024x450.webp\" class=\"attachment-large size-large wp-image-21588\" alt=\"parodontite et sant\u00e9 g\u00e9n\u00e9rale\" srcset=\"https:\/\/aclinicadrpedromota.pt\/wp-content\/uploads\/2026\/03\/Imagens_Blogue__Periodontite-e-saude-geral-1024x450.webp 1024w, https:\/\/aclinicadrpedromota.pt\/wp-content\/uploads\/2026\/03\/Imagens_Blogue__Periodontite-e-saude-geral-300x132.webp 300w, https:\/\/aclinicadrpedromota.pt\/wp-content\/uploads\/2026\/03\/Imagens_Blogue__Periodontite-e-saude-geral-768x337.webp 768w, https:\/\/aclinicadrpedromota.pt\/wp-content\/uploads\/2026\/03\/Imagens_Blogue__Periodontite-e-saude-geral.webp 1366w\" sizes=\"(max-width: 1024px) 100vw, 1024px\" \/>\t\t\t\t\t\t\t\t\t\t\t\t\t\t\t<\/div>\n\t\t\t\t<\/div>\n\t\t\t\t<div class=\"elementor-element elementor-element-785a59d elementor-widget elementor-widget-text-editor\" data-id=\"785a59d\" data-element_type=\"widget\" data-e-type=\"widget\" data-widget_type=\"text-editor.default\">\n\t\t\t\t<div class=\"elementor-widget-container\">\n\t\t\t\t\t\t\t\t\t<p>La parodontite et la sant\u00e9 g\u00e9n\u00e9rale ont une relation qui ne peut \u00eatre n\u00e9glig\u00e9e. La parodontite est une maladie infectieuse et inflammatoire qui affecte les tissus de soutien des dents (gencive, ligament parodontal et os alv\u00e9olaire).<\/p><p>Il r\u00e9sulte d\u2019une accumulation prolong\u00e9e de plaque, mais le facteur d\u00e9terminant n\u2019est pas seulement la pr\u00e9sence de bact\u00e9ries. <strong>C\u2019est la r\u00e9ponse inflammatoire de l\u2019organisme.<\/strong><\/p><p>Lorsque cette r\u00e9ponse devient persistante et d\u00e9r\u00e9gul\u00e9e, la destruction progressive des tissus de soutien commence.<\/p><p>Contrairement \u00e0 la carie dentaire, la parodontite peut \u00e9voluer pendant des ann\u00e9es avec peu de sympt\u00f4mes \u00e9vidents. L\u2019absence de douleur ne signifie pas l\u2019absence de maladie ! Regardez. <\/p>\t\t\t\t\t\t\t\t<\/div>\n\t\t\t\t<\/div>\n\t\t\t\t<div class=\"elementor-element elementor-element-c405c81 elementor-toc--minimized-on-tablet elementor-widget elementor-widget-table-of-contents\" data-id=\"c405c81\" data-element_type=\"widget\" data-e-type=\"widget\" data-settings=\"{&quot;headings_by_tags&quot;:[&quot;h2&quot;,&quot;h3&quot;],&quot;exclude_headings_by_selector&quot;:[],&quot;no_headings_message&quot;:&quot;No headings were found on this page.&quot;,&quot;marker_view&quot;:&quot;numbers&quot;,&quot;minimize_box&quot;:&quot;yes&quot;,&quot;minimized_on&quot;:&quot;tablet&quot;,&quot;hierarchical_view&quot;:&quot;yes&quot;,&quot;min_height&quot;:{&quot;unit&quot;:&quot;px&quot;,&quot;size&quot;:&quot;&quot;,&quot;sizes&quot;:[]},&quot;min_height_tablet&quot;:{&quot;unit&quot;:&quot;px&quot;,&quot;size&quot;:&quot;&quot;,&quot;sizes&quot;:[]},&quot;min_height_mobile&quot;:{&quot;unit&quot;:&quot;px&quot;,&quot;size&quot;:&quot;&quot;,&quot;sizes&quot;:[]}}\" data-widget_type=\"table-of-contents.default\">\n\t\t\t\t<div class=\"elementor-widget-container\">\n\t\t\t\t\t\t\t<div class=\"elementor-toc__header\">\n\t\t\t<h5 class=\"elementor-toc__header-title\">\n\t\t\t\tContenus abord\u00e9s :\t\t\t<\/h5>\n\t\t\t\t\t\t\t<div class=\"elementor-toc__toggle-button elementor-toc__toggle-button--expand\" role=\"button\" tabindex=\"0\" aria-controls=\"elementor-toc__c405c81\" aria-expanded=\"true\" aria-label=\"Open table of contents\"><svg aria-hidden=\"true\" class=\"e-font-icon-svg e-fas-chevron-down\" viewBox=\"0 0 448 512\" xmlns=\"http:\/\/www.w3.org\/2000\/svg\"><path d=\"M207.029 381.476L12.686 187.132c-9.373-9.373-9.373-24.569 0-33.941l22.667-22.667c9.357-9.357 24.522-9.375 33.901-.04L224 284.505l154.745-154.021c9.379-9.335 24.544-9.317 33.901.04l22.667 22.667c9.373 9.373 9.373 24.569 0 33.941L240.971 381.476c-9.373 9.372-24.569 9.372-33.942 0z\"><\/path><\/svg><\/div>\n\t\t\t\t<div class=\"elementor-toc__toggle-button elementor-toc__toggle-button--collapse\" role=\"button\" tabindex=\"0\" aria-controls=\"elementor-toc__c405c81\" aria-expanded=\"true\" aria-label=\"Close table of contents\"><svg aria-hidden=\"true\" class=\"e-font-icon-svg e-fas-chevron-up\" viewBox=\"0 0 448 512\" xmlns=\"http:\/\/www.w3.org\/2000\/svg\"><path d=\"M240.971 130.524l194.343 194.343c9.373 9.373 9.373 24.569 0 33.941l-22.667 22.667c-9.357 9.357-24.522 9.375-33.901.04L224 227.495 69.255 381.516c-9.379 9.335-24.544 9.317-33.901-.04l-22.667-22.667c-9.373-9.373-9.373-24.569 0-33.941L207.03 130.525c9.372-9.373 24.568-9.373 33.941-.001z\"><\/path><\/svg><\/div>\n\t\t\t\t\t<\/div>\n\t\t<div id=\"elementor-toc__c405c81\" class=\"elementor-toc__body\">\n\t\t\t<div class=\"elementor-toc__spinner-container\">\n\t\t\t\t<svg class=\"elementor-toc__spinner eicon-animation-spin e-font-icon-svg e-eicon-loading\" aria-hidden=\"true\" viewBox=\"0 0 1000 1000\" xmlns=\"http:\/\/www.w3.org\/2000\/svg\"><path d=\"M500 975V858C696 858 858 696 858 500S696 142 500 142 142 304 142 500H25C25 237 238 25 500 25S975 237 975 500 763 975 500 975Z\"><\/path><\/svg>\t\t\t<\/div>\n\t\t<\/div>\n\t\t\t\t\t\t<\/div>\n\t\t\t\t<\/div>\n\t\t\t\t<div class=\"elementor-element elementor-element-e922187 elementor-widget elementor-widget-heading\" data-id=\"e922187\" data-element_type=\"widget\" data-e-type=\"widget\" data-widget_type=\"heading.default\">\n\t\t\t\t<div class=\"elementor-widget-container\">\n\t\t\t\t\t<h2 class=\"elementor-heading-title elementor-size-default\">De la gingivite \u00e0 la destruction osseuse<\/h2>\t\t\t\t<\/div>\n\t\t\t\t<\/div>\n\t\t\t\t<div class=\"elementor-element elementor-element-222941a elementor-widget elementor-widget-text-editor\" data-id=\"222941a\" data-element_type=\"widget\" data-e-type=\"widget\" data-widget_type=\"text-editor.default\">\n\t\t\t\t<div class=\"elementor-widget-container\">\n\t\t\t\t\t\t\t\t\t<p>Le processus commence g\u00e9n\u00e9ralement par une gingivite.<\/p><p>Selon l\u2019<a href=\"https:\/\/www.omd.pt\/publico\/doencas-periodontais\/doencas-das-gengivas\/\" target=\"_blank\" rel=\"noopener\">Ordre des m\u00e9decins dentistes<\/a> (OMD), la \u00ab gingivite \u00bb est une inflammation des gencives r\u00e9sultant de l\u2019effort de l\u2019organisme pour contenir l\u2019agression bact\u00e9rienne. Celles-ci deviennent enflamm\u00e9es, ont un aspect gonfl\u00e9 et rouge\u00e2tre, et peuvent commencer \u00e0 saigner. Dans la gingivite, il n\u2019y a pas de destruction de l\u2019os ou des gencives, c\u2019est-\u00e0-dire que les tissus ne sont pas affect\u00e9s.\u00a0\u00bb<\/p><p>Cette inflammation r\u00e9versible de la gencive se caract\u00e9rise par :<\/p>\t\t\t\t\t\t\t\t<\/div>\n\t\t\t\t<\/div>\n\t\t\t\t<div class=\"elementor-element elementor-element-581b4d4 elementor-icon-list--layout-traditional elementor-list-item-link-full_width elementor-widget elementor-widget-icon-list\" data-id=\"581b4d4\" data-element_type=\"widget\" data-e-type=\"widget\" data-widget_type=\"icon-list.default\">\n\t\t\t\t<div class=\"elementor-widget-container\">\n\t\t\t\t\t\t\t<ul class=\"elementor-icon-list-items\">\n\t\t\t\t\t\t\t<li class=\"elementor-icon-list-item\">\n\t\t\t\t\t\t\t\t\t\t\t<span class=\"elementor-icon-list-icon\">\n\t\t\t\t\t\t\t<svg aria-hidden=\"true\" class=\"e-font-icon-svg e-fas-grimace\" viewBox=\"0 0 496 512\" xmlns=\"http:\/\/www.w3.org\/2000\/svg\"><path d=\"M248 8C111 8 0 119 0 256s111 248 248 248 248-111 248-248S385 8 248 8zM144 400h-8c-17.7 0-32-14.3-32-32v-8h40v40zm0-56h-40v-8c0-17.7 14.3-32 32-32h8v40zm-8-136c0-17.7 14.3-32 32-32s32 14.3 32 32-14.3 32-32 32-32-14.3-32-32zm72 192h-48v-40h48v40zm0-56h-48v-40h48v40zm64 56h-48v-40h48v40zm0-56h-48v-40h48v40zm64 56h-48v-40h48v40zm0-56h-48v-40h48v40zm-8-104c-17.7 0-32-14.3-32-32s14.3-32 32-32 32 14.3 32 32-14.3 32-32 32zm64 128c0 17.7-14.3 32-32 32h-8v-40h40v8zm0-24h-40v-40h8c17.7 0 32 14.3 32 32v8z\"><\/path><\/svg>\t\t\t\t\t\t<\/span>\n\t\t\t\t\t\t\t\t\t\t<span class=\"elementor-icon-list-text\"><b>Rougeur<\/b><\/span>\n\t\t\t\t\t\t\t\t\t<\/li>\n\t\t\t\t\t\t\t\t<li class=\"elementor-icon-list-item\">\n\t\t\t\t\t\t\t\t\t\t\t<span class=\"elementor-icon-list-icon\">\n\t\t\t\t\t\t\t<svg aria-hidden=\"true\" class=\"e-font-icon-svg e-fas-grimace\" viewBox=\"0 0 496 512\" xmlns=\"http:\/\/www.w3.org\/2000\/svg\"><path d=\"M248 8C111 8 0 119 0 256s111 248 248 248 248-111 248-248S385 8 248 8zM144 400h-8c-17.7 0-32-14.3-32-32v-8h40v40zm0-56h-40v-8c0-17.7 14.3-32 32-32h8v40zm-8-136c0-17.7 14.3-32 32-32s32 14.3 32 32-14.3 32-32 32-32-14.3-32-32zm72 192h-48v-40h48v40zm0-56h-48v-40h48v40zm64 56h-48v-40h48v40zm0-56h-48v-40h48v40zm64 56h-48v-40h48v40zm0-56h-48v-40h48v40zm-8-104c-17.7 0-32-14.3-32-32s14.3-32 32-32 32 14.3 32 32-14.3 32-32 32zm64 128c0 17.7-14.3 32-32 32h-8v-40h40v8zm0-24h-40v-40h8c17.7 0 32 14.3 32 32v8z\"><\/path><\/svg>\t\t\t\t\t\t<\/span>\n\t\t\t\t\t\t\t\t\t\t<span class=\"elementor-icon-list-text\"><b>Oed\u00e8me<\/b><\/span>\n\t\t\t\t\t\t\t\t\t<\/li>\n\t\t\t\t\t\t\t\t<li class=\"elementor-icon-list-item\">\n\t\t\t\t\t\t\t\t\t\t\t<a href=\"https:\/\/aclinicadrpedromota.pt\/fr\/il-nest-jamais-normal-de-saigner-des-gencives\/\">\n\n\t\t\t\t\t\t\t\t\t\t\t\t<span class=\"elementor-icon-list-icon\">\n\t\t\t\t\t\t\t<svg aria-hidden=\"true\" class=\"e-font-icon-svg e-fas-grimace\" viewBox=\"0 0 496 512\" xmlns=\"http:\/\/www.w3.org\/2000\/svg\"><path d=\"M248 8C111 8 0 119 0 256s111 248 248 248 248-111 248-248S385 8 248 8zM144 400h-8c-17.7 0-32-14.3-32-32v-8h40v40zm0-56h-40v-8c0-17.7 14.3-32 32-32h8v40zm-8-136c0-17.7 14.3-32 32-32s32 14.3 32 32-14.3 32-32 32-32-14.3-32-32zm72 192h-48v-40h48v40zm0-56h-48v-40h48v40zm64 56h-48v-40h48v40zm0-56h-48v-40h48v40zm64 56h-48v-40h48v40zm0-56h-48v-40h48v40zm-8-104c-17.7 0-32-14.3-32-32s14.3-32 32-32 32 14.3 32 32-14.3 32-32 32zm64 128c0 17.7-14.3 32-32 32h-8v-40h40v8zm0-24h-40v-40h8c17.7 0 32 14.3 32 32v8z\"><\/path><\/svg>\t\t\t\t\t\t<\/span>\n\t\t\t\t\t\t\t\t\t\t<span class=\"elementor-icon-list-text\"><b>Saignement lors du brossage<\/b><\/span>\n\t\t\t\t\t\t\t\t\t\t\t<\/a>\n\t\t\t\t\t\t\t\t\t<\/li>\n\t\t\t\t\t\t<\/ul>\n\t\t\t\t\t\t<\/div>\n\t\t\t\t<\/div>\n\t\t\t\t<div class=\"elementor-element elementor-element-b1712ef elementor-widget elementor-widget-text-editor\" data-id=\"b1712ef\" data-element_type=\"widget\" data-e-type=\"widget\" data-widget_type=\"text-editor.default\">\n\t\t\t\t<div class=\"elementor-widget-container\">\n\t\t\t\t\t\t\t\t\t<p>Si la gingivite n\u2019est pas trait\u00e9e, elle peut \u00e9voluer en parodontite, avec :<\/p>\t\t\t\t\t\t\t\t<\/div>\n\t\t\t\t<\/div>\n\t\t\t\t<div class=\"elementor-element elementor-element-4e99253 elementor-icon-list--layout-traditional elementor-list-item-link-full_width elementor-widget elementor-widget-icon-list\" data-id=\"4e99253\" data-element_type=\"widget\" data-e-type=\"widget\" data-widget_type=\"icon-list.default\">\n\t\t\t\t<div class=\"elementor-widget-container\">\n\t\t\t\t\t\t\t<ul class=\"elementor-icon-list-items\">\n\t\t\t\t\t\t\t<li class=\"elementor-icon-list-item\">\n\t\t\t\t\t\t\t\t\t\t\t<span class=\"elementor-icon-list-icon\">\n\t\t\t\t\t\t\t<svg aria-hidden=\"true\" class=\"e-font-icon-svg e-fas-grimace\" viewBox=\"0 0 496 512\" xmlns=\"http:\/\/www.w3.org\/2000\/svg\"><path d=\"M248 8C111 8 0 119 0 256s111 248 248 248 248-111 248-248S385 8 248 8zM144 400h-8c-17.7 0-32-14.3-32-32v-8h40v40zm0-56h-40v-8c0-17.7 14.3-32 32-32h8v40zm-8-136c0-17.7 14.3-32 32-32s32 14.3 32 32-14.3 32-32 32-32-14.3-32-32zm72 192h-48v-40h48v40zm0-56h-48v-40h48v40zm64 56h-48v-40h48v40zm0-56h-48v-40h48v40zm64 56h-48v-40h48v40zm0-56h-48v-40h48v40zm-8-104c-17.7 0-32-14.3-32-32s14.3-32 32-32 32 14.3 32 32-14.3 32-32 32zm64 128c0 17.7-14.3 32-32 32h-8v-40h40v8zm0-24h-40v-40h8c17.7 0 32 14.3 32 32v8z\"><\/path><\/svg>\t\t\t\t\t\t<\/span>\n\t\t\t\t\t\t\t\t\t\t<span class=\"elementor-icon-list-text\"><b>Formation de poches parodontales<\/b><\/span>\n\t\t\t\t\t\t\t\t\t<\/li>\n\t\t\t\t\t\t\t\t<li class=\"elementor-icon-list-item\">\n\t\t\t\t\t\t\t\t\t\t\t<span class=\"elementor-icon-list-icon\">\n\t\t\t\t\t\t\t<svg aria-hidden=\"true\" class=\"e-font-icon-svg e-fas-grimace\" viewBox=\"0 0 496 512\" xmlns=\"http:\/\/www.w3.org\/2000\/svg\"><path d=\"M248 8C111 8 0 119 0 256s111 248 248 248 248-111 248-248S385 8 248 8zM144 400h-8c-17.7 0-32-14.3-32-32v-8h40v40zm0-56h-40v-8c0-17.7 14.3-32 32-32h8v40zm-8-136c0-17.7 14.3-32 32-32s32 14.3 32 32-14.3 32-32 32-32-14.3-32-32zm72 192h-48v-40h48v40zm0-56h-48v-40h48v40zm64 56h-48v-40h48v40zm0-56h-48v-40h48v40zm64 56h-48v-40h48v40zm0-56h-48v-40h48v40zm-8-104c-17.7 0-32-14.3-32-32s14.3-32 32-32 32 14.3 32 32-14.3 32-32 32zm64 128c0 17.7-14.3 32-32 32h-8v-40h40v8zm0-24h-40v-40h8c17.7 0 32 14.3 32 32v8z\"><\/path><\/svg>\t\t\t\t\t\t<\/span>\n\t\t\t\t\t\t\t\t\t\t<span class=\"elementor-icon-list-text\"><b>Perte d\u2019insertion du ligament parodontal<\/b><\/span>\n\t\t\t\t\t\t\t\t\t<\/li>\n\t\t\t\t\t\t\t\t<li class=\"elementor-icon-list-item\">\n\t\t\t\t\t\t\t\t\t\t\t<span class=\"elementor-icon-list-icon\">\n\t\t\t\t\t\t\t<svg aria-hidden=\"true\" class=\"e-font-icon-svg e-fas-grimace\" viewBox=\"0 0 496 512\" xmlns=\"http:\/\/www.w3.org\/2000\/svg\"><path d=\"M248 8C111 8 0 119 0 256s111 248 248 248 248-111 248-248S385 8 248 8zM144 400h-8c-17.7 0-32-14.3-32-32v-8h40v40zm0-56h-40v-8c0-17.7 14.3-32 32-32h8v40zm-8-136c0-17.7 14.3-32 32-32s32 14.3 32 32-14.3 32-32 32-32-14.3-32-32zm72 192h-48v-40h48v40zm0-56h-48v-40h48v40zm64 56h-48v-40h48v40zm0-56h-48v-40h48v40zm64 56h-48v-40h48v40zm0-56h-48v-40h48v40zm-8-104c-17.7 0-32-14.3-32-32s14.3-32 32-32 32 14.3 32 32-14.3 32-32 32zm64 128c0 17.7-14.3 32-32 32h-8v-40h40v8zm0-24h-40v-40h8c17.7 0 32 14.3 32 32v8z\"><\/path><\/svg>\t\t\t\t\t\t<\/span>\n\t\t\t\t\t\t\t\t\t\t<span class=\"elementor-icon-list-text\"><b>R\u00e9sorption osseuse progressive<\/b><\/span>\n\t\t\t\t\t\t\t\t\t<\/li>\n\t\t\t\t\t\t<\/ul>\n\t\t\t\t\t\t<\/div>\n\t\t\t\t<\/div>\n\t\t\t\t<div class=\"elementor-element elementor-element-d07025e elementor-widget elementor-widget-text-editor\" data-id=\"d07025e\" data-element_type=\"widget\" data-e-type=\"widget\" data-widget_type=\"text-editor.default\">\n\t\t\t\t<div class=\"elementor-widget-container\">\n\t\t\t\t\t\t\t\t\t<p><strong>Dans ce cas, la perte osseuse est irr\u00e9versible.<\/strong><\/p><p>De leur c\u00f4t\u00e9, l\u2019objectif du <a href=\"https:\/\/aclinicadrpedromota.pt\/fr\/specialites\/parodontologie\/\" target=\"_blank\" rel=\"noopener\">traitement <\/a>est d\u2019arr\u00eater la progression, pas de r\u00e9g\u00e9n\u00e9rer spontan\u00e9ment ce qui a \u00e9t\u00e9 perdu.<\/p>\t\t\t\t\t\t\t\t<\/div>\n\t\t\t\t<\/div>\n\t\t\t\t<div class=\"elementor-element elementor-element-37b1a7e elementor-widget elementor-widget-heading\" data-id=\"37b1a7e\" data-element_type=\"widget\" data-e-type=\"widget\" data-widget_type=\"heading.default\">\n\t\t\t\t<div class=\"elementor-widget-container\">\n\t\t\t\t\t<h2 class=\"elementor-heading-title elementor-size-default\">Inflammation chronique de faible degr\u00e9 : le lien avec la sant\u00e9 g\u00e9n\u00e9rale<\/h2>\t\t\t\t<\/div>\n\t\t\t\t<\/div>\n\t\t\t\t<div class=\"elementor-element elementor-element-26f517c elementor-widget elementor-widget-text-editor\" data-id=\"26f517c\" data-element_type=\"widget\" data-e-type=\"widget\" data-widget_type=\"text-editor.default\">\n\t\t\t\t<div class=\"elementor-widget-container\">\n\t\t\t\t\t\t\t\t\t<p>Remarque facilement que la parodontite active maintient l\u2019organisme dans un \u00e9tat d\u2019inflammation chronique de faible intensit\u00e9.<\/p><p>As bact\u00e9rias periodontais e os seus subprodutos podem entrar na corrente sangu\u00ednea atrav\u00e9s das bolsas periodontais inflamadas.<\/p><p>Simultaneamente, o organismo produz mediadores inflamat\u00f3rios como:<\/p><ul><li>Interleukines<\/li><li>Prot\u00e9ine C-r\u00e9active<\/li><li>Facteurs de n\u00e9crose tumorale<\/li><\/ul><p><strong>Ces m\u00e9diateurs ne restent pas confin\u00e9s \u00e0 la cavit\u00e9 buccale. <\/strong>Circulent de mani\u00e8re syst\u00e9mique et contribuent aux processus inflammatoires dans diff\u00e9rents organes.<\/p>\t\t\t\t\t\t\t\t<\/div>\n\t\t\t\t<\/div>\n\t\t\t\t<div class=\"elementor-element elementor-element-3aaa0d9 elementor-icon-list--layout-traditional elementor-list-item-link-full_width elementor-widget elementor-widget-icon-list\" data-id=\"3aaa0d9\" data-element_type=\"widget\" data-e-type=\"widget\" data-widget_type=\"icon-list.default\">\n\t\t\t\t<div class=\"elementor-widget-container\">\n\t\t\t\t\t\t\t<ul class=\"elementor-icon-list-items\">\n\t\t\t\t\t\t\t<li class=\"elementor-icon-list-item\">\n\t\t\t\t\t\t\t\t\t\t\t<span class=\"elementor-icon-list-icon\">\n\t\t\t\t\t\t\t<svg aria-hidden=\"true\" class=\"e-font-icon-svg e-far-hand-point-right\" viewBox=\"0 0 512 512\" xmlns=\"http:\/\/www.w3.org\/2000\/svg\"><path d=\"M428.8 137.6h-86.177a115.52 115.52 0 0 0 2.176-22.4c0-47.914-35.072-83.2-92-83.2-45.314 0-57.002 48.537-75.707 78.784-7.735 12.413-16.994 23.317-25.851 33.253l-.131.146-.129.148C135.662 161.807 127.764 168 120.8 168h-2.679c-5.747-4.952-13.536-8-22.12-8H32c-17.673 0-32 12.894-32 28.8v230.4C0 435.106 14.327 448 32 448h64c8.584 0 16.373-3.048 22.12-8h2.679c28.688 0 67.137 40 127.2 40h21.299c62.542 0 98.8-38.658 99.94-91.145 12.482-17.813 18.491-40.785 15.985-62.791A93.148 93.148 0 0 0 393.152 304H428.8c45.435 0 83.2-37.584 83.2-83.2 0-45.099-38.101-83.2-83.2-83.2zm0 118.4h-91.026c12.837 14.669 14.415 42.825-4.95 61.05 11.227 19.646 1.687 45.624-12.925 53.625 6.524 39.128-10.076 61.325-50.6 61.325H248c-45.491 0-77.21-35.913-120-39.676V215.571c25.239-2.964 42.966-21.222 59.075-39.596 11.275-12.65 21.725-25.3 30.799-39.875C232.355 112.712 244.006 80 252.8 80c23.375 0 44 8.8 44 35.2 0 35.2-26.4 53.075-26.4 70.4h158.4c18.425 0 35.2 16.5 35.2 35.2 0 18.975-16.225 35.2-35.2 35.2zM88 384c0 13.255-10.745 24-24 24s-24-10.745-24-24 10.745-24 24-24 24 10.745 24 24z\"><\/path><\/svg>\t\t\t\t\t\t<\/span>\n\t\t\t\t\t\t\t\t\t\t<span class=\"elementor-icon-list-text\">C\u2019est ici que la parodontite cesse d\u2019\u00eatre seulement \u00ab un probl\u00e8me des gencives \u00bb.<\/span>\n\t\t\t\t\t\t\t\t\t<\/li>\n\t\t\t\t\t\t<\/ul>\n\t\t\t\t\t\t<\/div>\n\t\t\t\t<\/div>\n\t\t\t\t<div class=\"elementor-element elementor-element-d5ba0ba elementor-widget elementor-widget-heading\" data-id=\"d5ba0ba\" data-element_type=\"widget\" data-e-type=\"widget\" data-widget_type=\"heading.default\">\n\t\t\t\t<div class=\"elementor-widget-container\">\n\t\t\t\t\t<h3 class=\"elementor-heading-title elementor-size-default\">Parodontite et risque cardiovasculaire<\/h3>\t\t\t\t<\/div>\n\t\t\t\t<\/div>\n\t\t\t\t<div class=\"elementor-element elementor-element-1157c30 elementor-widget elementor-widget-text-editor\" data-id=\"1157c30\" data-element_type=\"widget\" data-e-type=\"widget\" data-widget_type=\"text-editor.default\">\n\t\t\t\t<div class=\"elementor-widget-container\">\n\t\t\t\t\t\t\t\t\t<p>Les preuves scientifiques d\u00e9montrent une association entre la maladie parodontale et :<\/p><ul><li>Ath\u00e9roscl\u00e9rose<\/li><li><a href=\"https:\/\/aclinicadrpedromota.pt\/fr\/quand-la-parodontite-augmente-le-risque-davc\/\" target=\"_blank\" rel=\"noopener\">Infarctus aigu du myocarde<\/a><\/li><li><a href=\"https:\/\/aclinicadrpedromota.pt\/fr\/quand-votre-bouche-parle-par-votre-coeur-la-relation-silencieuse-entre-les-maladies-orales-et-le-risque-davc\/\" target=\"_blank\" rel=\"noopener\">Accident vasculaire c\u00e9r\u00e9bral<\/a><\/li><\/ul><p>L\u2019inflammation syst\u00e9mique contribue au dysfonctionnement endoth\u00e9lial et \u00e0 l\u2019instabilit\u00e9 des plaques ath\u00e9roscl\u00e9rotiques.<\/p><p>Plus important encore, la scl\u00e9rose : <strong>la parodontite n\u2019est pas la cause unique de maladies cardiovasculaires.<\/strong> N\u00e9anmoins, nous pouvons le consid\u00e9rer comme un facteur inflammatoire suppl\u00e9mentaire et modifiable.<\/p>\t\t\t\t\t\t\t\t<\/div>\n\t\t\t\t<\/div>\n\t\t\t\t<div class=\"elementor-element elementor-element-3b74de6 elementor-widget elementor-widget-heading\" data-id=\"3b74de6\" data-element_type=\"widget\" data-e-type=\"widget\" data-widget_type=\"heading.default\">\n\t\t\t\t<div class=\"elementor-widget-container\">\n\t\t\t\t\t<h3 class=\"elementor-heading-title elementor-size-default\">Relation bidirectionnelle avec le diab\u00e8te<\/h3>\t\t\t\t<\/div>\n\t\t\t\t<\/div>\n\t\t\t\t<div class=\"elementor-element elementor-element-effad54 elementor-widget elementor-widget-text-editor\" data-id=\"effad54\" data-element_type=\"widget\" data-e-type=\"widget\" data-widget_type=\"text-editor.default\">\n\t\t\t\t<div class=\"elementor-widget-container\">\n\t\t\t\t\t\t\t\t\t<p>Le lien entre la parodontite et le diab\u00e8te est l\u2019un des plus \u00e9tudi\u00e9s, comme nous l\u2019avons vu <a href=\"https:\/\/aclinicadrpedromota.pt\/fr\/parodontite-et-diabete-decouvrez-comment-la-sante-bucco-dentaire-peut-affecter-le-niveau-de-glycemie\/\" target=\"_blank\" rel=\"noopener\">ici<\/a>. En r\u00e9sum\u00e9, il est possible de souligner que : <\/p><ul><li><strong>Les personnes diab\u00e9tiques ont un risque plus \u00e9lev\u00e9 de d\u00e9velopper une parodontite.<\/strong><\/li><li><strong>La pr\u00e9sence de parodontite rend difficile le contr\u00f4le glyc\u00e9mique.<\/strong><\/li><\/ul><p>L\u2019inflammation parodontale augmente la r\u00e9sistance \u00e0 l\u2019insuline, aggravant le contr\u00f4le m\u00e9tabolique. <strong>Le traitement parodontal peut contribuer \u00e0 l\u2019am\u00e9lioration des taux d\u2019h\u00e9moglobine glyqu\u00e9e chez les patients diab\u00e9tiques.<\/strong><\/p>\t\t\t\t\t\t\t\t<\/div>\n\t\t\t\t<\/div>\n\t\t\t\t<div class=\"elementor-element elementor-element-df0ff05 elementor-widget elementor-widget-heading\" data-id=\"df0ff05\" data-element_type=\"widget\" data-e-type=\"widget\" data-widget_type=\"heading.default\">\n\t\t\t\t<div class=\"elementor-widget-container\">\n\t\t\t\t\t<h3 class=\"elementor-heading-title elementor-size-default\">Parodontite et sant\u00e9 g\u00e9n\u00e9rale : autres associations<\/h3>\t\t\t\t<\/div>\n\t\t\t\t<\/div>\n\t\t\t\t<div class=\"elementor-element elementor-element-86a1567 elementor-widget elementor-widget-text-editor\" data-id=\"86a1567\" data-element_type=\"widget\" data-e-type=\"widget\" data-widget_type=\"text-editor.default\">\n\t\t\t\t<div class=\"elementor-widget-container\">\n\t\t\t\t\t\t\t\t\t<p>M\u00eame si cette relation entre parodontite et sant\u00e9 g\u00e9n\u00e9rale est fond\u00e9e, il est \u00e9galement courant de trouver des implications dans d\u2019autres pathologies telles que :<\/p><ul><li>Complications de la grossesse<\/li><li>Maladies respiratoires<\/li><li>Aggravation de maladies inflammatoires chroniques<\/li><\/ul>\t\t\t\t\t\t\t\t<\/div>\n\t\t\t\t<\/div>\n\t\t\t\t<div class=\"elementor-element elementor-element-b20dc62 elementor-icon-list--layout-traditional elementor-list-item-link-full_width elementor-widget elementor-widget-icon-list\" data-id=\"b20dc62\" data-element_type=\"widget\" data-e-type=\"widget\" data-widget_type=\"icon-list.default\">\n\t\t\t\t<div class=\"elementor-widget-container\">\n\t\t\t\t\t\t\t<ul class=\"elementor-icon-list-items\">\n\t\t\t\t\t\t\t<li class=\"elementor-icon-list-item\">\n\t\t\t\t\t\t\t\t\t\t\t<span class=\"elementor-icon-list-icon\">\n\t\t\t\t\t\t\t<svg aria-hidden=\"true\" class=\"e-font-icon-svg e-far-hand-point-right\" viewBox=\"0 0 512 512\" xmlns=\"http:\/\/www.w3.org\/2000\/svg\"><path d=\"M428.8 137.6h-86.177a115.52 115.52 0 0 0 2.176-22.4c0-47.914-35.072-83.2-92-83.2-45.314 0-57.002 48.537-75.707 78.784-7.735 12.413-16.994 23.317-25.851 33.253l-.131.146-.129.148C135.662 161.807 127.764 168 120.8 168h-2.679c-5.747-4.952-13.536-8-22.12-8H32c-17.673 0-32 12.894-32 28.8v230.4C0 435.106 14.327 448 32 448h64c8.584 0 16.373-3.048 22.12-8h2.679c28.688 0 67.137 40 127.2 40h21.299c62.542 0 98.8-38.658 99.94-91.145 12.482-17.813 18.491-40.785 15.985-62.791A93.148 93.148 0 0 0 393.152 304H428.8c45.435 0 83.2-37.584 83.2-83.2 0-45.099-38.101-83.2-83.2-83.2zm0 118.4h-91.026c12.837 14.669 14.415 42.825-4.95 61.05 11.227 19.646 1.687 45.624-12.925 53.625 6.524 39.128-10.076 61.325-50.6 61.325H248c-45.491 0-77.21-35.913-120-39.676V215.571c25.239-2.964 42.966-21.222 59.075-39.596 11.275-12.65 21.725-25.3 30.799-39.875C232.355 112.712 244.006 80 252.8 80c23.375 0 44 8.8 44 35.2 0 35.2-26.4 53.075-26.4 70.4h158.4c18.425 0 35.2 16.5 35.2 35.2 0 18.975-16.225 35.2-35.2 35.2zM88 384c0 13.255-10.745 24-24 24s-24-10.745-24-24 10.745-24 24-24 24 10.745 24 24z\"><\/path><\/svg>\t\t\t\t\t\t<\/span>\n\t\t\t\t\t\t\t\t\t\t<span class=\"elementor-icon-list-text\"><b>Bien que les m\u00e9canismes varient, le d\u00e9nominateur commun est la charge inflammatoire syst\u00e9mique.<\/b><\/span>\n\t\t\t\t\t\t\t\t\t<\/li>\n\t\t\t\t\t\t<\/ul>\n\t\t\t\t\t\t<\/div>\n\t\t\t\t<\/div>\n\t\t\t\t<div class=\"elementor-element elementor-element-55e2490 elementor-widget elementor-widget-heading\" data-id=\"55e2490\" data-element_type=\"widget\" data-e-type=\"widget\" data-widget_type=\"heading.default\">\n\t\t\t\t<div class=\"elementor-widget-container\">\n\t\t\t\t\t<h2 class=\"elementor-heading-title elementor-size-default\">Le saignement des gencives n\u2019est pas normal et peut \u00eatre un signe<\/h2>\t\t\t\t<\/div>\n\t\t\t\t<\/div>\n\t\t\t\t<div class=\"elementor-element elementor-element-5b28b35 elementor-widget elementor-widget-text-editor\" data-id=\"5b28b35\" data-element_type=\"widget\" data-e-type=\"widget\" data-widget_type=\"text-editor.default\">\n\t\t\t\t<div class=\"elementor-widget-container\">\n\t\t\t\t\t\t\t\t\t<p>L\u2019un des signes les plus fr\u00e9quents d\u2019inflammation des gencives est le<a href=\"https:\/\/aclinicadrpedromota.pt\/fr\/il-nest-jamais-normal-de-saigner-des-gencives\/\" target=\"_blank\" rel=\"noopener\"> saignement lors du brossage.<\/a><\/p><p>Ne doit pas \u00eatre attribu\u00e9 au brossage \u00ab\u00a0trop fort\u00a0\u00bb. <strong>C\u2019est un signe clinique d\u2019inflammation. <\/strong>Ignorer ce sympt\u00f4me permet une progression silencieuse de la maladie parodontale.<\/p>\t\t\t\t\t\t\t\t<\/div>\n\t\t\t\t<\/div>\n\t\t\t\t<div class=\"elementor-element elementor-element-818ae37 elementor-widget elementor-widget-heading\" data-id=\"818ae37\" data-element_type=\"widget\" data-e-type=\"widget\" data-widget_type=\"heading.default\">\n\t\t\t\t<div class=\"elementor-widget-container\">\n\t\t\t\t\t<h3 class=\"elementor-heading-title elementor-size-default\">Pourquoi la parodontite est-elle toujours sous-diagnostiqu\u00e9e ?<\/h3>\t\t\t\t<\/div>\n\t\t\t\t<\/div>\n\t\t\t\t<div class=\"elementor-element elementor-element-6b418ab elementor-widget elementor-widget-text-editor\" data-id=\"6b418ab\" data-element_type=\"widget\" data-e-type=\"widget\" data-widget_type=\"text-editor.default\">\n\t\t\t\t<div class=\"elementor-widget-container\">\n\t\t\t\t\t\t\t\t\t<p>Au Portugal, une part importante de la population ne se rend pas r\u00e9guli\u00e8rement \u00e0 l\u2019h\u00f4pital.<\/p><p>Selon les donn\u00e9es les plus r\u00e9centes du <a href=\"https:\/\/www.omd.pt\/observatorio\/barometro\/barometro-da-saude-oral-2025\/\" target=\"_blank\" rel=\"noopener\">barom\u00e8tre de la sant\u00e9 bucco-dentaire 2025,<\/a> promu par l\u2019OMD, 26 % des r\u00e9pondants n\u2019ont consult\u00e9 qu\u2019en urgence et 2,5 % n\u2019ont jamais consult\u00e9 un dentiste.<\/p><p>Les raisons les plus fr\u00e9quentes sont :<\/p><ul><li>Absence de douleur<\/li><li>Desvaloriza\u00e7\u00e3o dos sintomas<\/li><li>Report pour crainte ou co\u00fbt<\/li><\/ul><p>Cependant, ceci est particuli\u00e8rement d\u00e9licat dans les maladies comme la parodontite qui \u00e9volue souvent sans douleur jusqu\u2019\u00e0 des stades avanc\u00e9s.<\/p><p><strong>Lorsque la mobilit\u00e9 dentaire ou la perte de dents apparaissent, la maladie se trouve d\u00e9j\u00e0 \u00e0 un stade complexe.<\/strong><\/p>\t\t\t\t\t\t\t\t<\/div>\n\t\t\t\t<\/div>\n\t\t\t\t<div class=\"elementor-element elementor-element-d7e3953 elementor-widget elementor-widget-heading\" data-id=\"d7e3953\" data-element_type=\"widget\" data-e-type=\"widget\" data-widget_type=\"heading.default\">\n\t\t\t\t<div class=\"elementor-widget-container\">\n\t\t\t\t\t<h2 class=\"elementor-heading-title elementor-size-default\">A import\u00e2ncia de um dign\u00f3stico precoce<\/h2>\t\t\t\t<\/div>\n\t\t\t\t<\/div>\n\t\t\t\t<div class=\"elementor-element elementor-element-b8e3276 elementor-widget elementor-widget-text-editor\" data-id=\"b8e3276\" data-element_type=\"widget\" data-e-type=\"widget\" data-widget_type=\"text-editor.default\">\n\t\t\t\t<div class=\"elementor-widget-container\">\n\t\t\t\t\t\t\t\t\t<p>\u00c0 la clinique, nous effectuons une \u00e9valuation parodontale minutieuse qui comprend notamment :<\/p><ul><li>Medi\u00e7\u00e3o de bolsas periodontais<\/li><li>\u00c9valuation des saignements<\/li><li>An\u00e1lise radiogr\u00e1fica da estrutura \u00f3ssea<\/li><\/ul><p>Gr\u00e2ce \u00e0 ces m\u00e9canismes, <a href=\"https:\/\/aclinicadrpedromota.pt\/fr\/equipe\/\" target=\"_blank\" rel=\"noopener\">nos sp\u00e9cialistes<\/a> peuvent agir de mani\u00e8re personnalis\u00e9e pour contr\u00f4ler l\u2019infection bact\u00e9rienne, r\u00e9duire l\u2019inflammation syst\u00e9mique, stabiliser la perte osseuse et pr\u00e9server les dents naturelles.<\/p><p>Le contr\u00f4le de la maladie parodontale fait partie d\u2019une approche int\u00e9gr\u00e9e de sant\u00e9 qui utilise les <a href=\"https:\/\/aclinicadrpedromota.pt\/fr\/clinique\/notre-technologie\/\" target=\"_blank\" rel=\"noopener\">derni\u00e8res technologies <\/a>comme aide indispensable.<\/p><p>En effet, la cavit\u00e9 buccale fait partie int\u00e9grante de l\u2019organisme. <strong>L\u2019inflammation chronique active, m\u00eame localis\u00e9e, a des r\u00e9percussions syst\u00e9miques. Donc, contr\u00f4ler la parodontite est de r\u00e9duire la charge inflammatoire globale.<\/strong><\/p>\t\t\t\t\t\t\t\t<\/div>\n\t\t\t\t<\/div>\n\t\t\t\t<div class=\"elementor-element elementor-element-6bc0a44 elementor-widget elementor-widget-heading\" data-id=\"6bc0a44\" data-element_type=\"widget\" data-e-type=\"widget\" data-widget_type=\"heading.default\">\n\t\t\t\t<div class=\"elementor-widget-container\">\n\t\t\t\t\t<h2 class=\"elementor-heading-title elementor-size-default\">Foire aux questions sur la parodontite<\/h2>\t\t\t\t<\/div>\n\t\t\t\t<\/div>\n\t\t\t\t<div class=\"elementor-element elementor-element-131cf77 elementor-widget elementor-widget-accordion\" data-id=\"131cf77\" data-element_type=\"widget\" data-e-type=\"widget\" data-widget_type=\"accordion.default\">\n\t\t\t\t<div class=\"elementor-widget-container\">\n\t\t\t\t\t\t\t<div class=\"elementor-accordion\">\n\t\t\t\t\t\t\t<div class=\"elementor-accordion-item\">\n\t\t\t\t\t<div id=\"elementor-tab-title-2001\" class=\"elementor-tab-title\" data-tab=\"1\" role=\"button\" aria-controls=\"elementor-tab-content-2001\" aria-expanded=\"false\">\n\t\t\t\t\t\t\t\t\t\t\t\t\t<span class=\"elementor-accordion-icon elementor-accordion-icon-left\" aria-hidden=\"true\">\n\t\t\t\t\t\t\t\t\t\t\t\t\t\t\t<span class=\"elementor-accordion-icon-closed\"><svg class=\"e-font-icon-svg e-fas-plus\" viewBox=\"0 0 448 512\" xmlns=\"http:\/\/www.w3.org\/2000\/svg\"><path d=\"M416 208H272V64c0-17.67-14.33-32-32-32h-32c-17.67 0-32 14.33-32 32v144H32c-17.67 0-32 14.33-32 32v32c0 17.67 14.33 32 32 32h144v144c0 17.67 14.33 32 32 32h32c17.67 0 32-14.33 32-32V304h144c17.67 0 32-14.33 32-32v-32c0-17.67-14.33-32-32-32z\"><\/path><\/svg><\/span>\n\t\t\t\t\t\t\t\t<span class=\"elementor-accordion-icon-opened\"><svg class=\"e-font-icon-svg e-fas-minus\" viewBox=\"0 0 448 512\" xmlns=\"http:\/\/www.w3.org\/2000\/svg\"><path d=\"M416 208H32c-17.67 0-32 14.33-32 32v32c0 17.67 14.33 32 32 32h384c17.67 0 32-14.33 32-32v-32c0-17.67-14.33-32-32-32z\"><\/path><\/svg><\/span>\n\t\t\t\t\t\t\t\t\t\t\t\t\t\t<\/span>\n\t\t\t\t\t\t\t\t\t\t\t\t<a class=\"elementor-accordion-title\" tabindex=\"0\">La parodontite est-elle curable ?<\/a>\n\t\t\t\t\t<\/div>\n\t\t\t\t\t<div id=\"elementor-tab-content-2001\" class=\"elementor-tab-content elementor-clearfix\" data-tab=\"1\" role=\"region\" aria-labelledby=\"elementor-tab-title-2001\"><p>La destruction osseuse caus\u00e9e par la parodontite est irr\u00e9versible. Cependant, la maladie peut \u00eatre <strong>contr\u00f4l\u00e9e et stabilis\u00e9e<\/strong> avec un traitement appropri\u00e9 et un entretien parodontal. <\/p>\n<\/div>\n\t\t\t\t<\/div>\n\t\t\t\t\t\t\t<div class=\"elementor-accordion-item\">\n\t\t\t\t\t<div id=\"elementor-tab-title-2002\" class=\"elementor-tab-title\" data-tab=\"2\" role=\"button\" aria-controls=\"elementor-tab-content-2002\" aria-expanded=\"false\">\n\t\t\t\t\t\t\t\t\t\t\t\t\t<span class=\"elementor-accordion-icon elementor-accordion-icon-left\" aria-hidden=\"true\">\n\t\t\t\t\t\t\t\t\t\t\t\t\t\t\t<span class=\"elementor-accordion-icon-closed\"><svg class=\"e-font-icon-svg e-fas-plus\" viewBox=\"0 0 448 512\" xmlns=\"http:\/\/www.w3.org\/2000\/svg\"><path d=\"M416 208H272V64c0-17.67-14.33-32-32-32h-32c-17.67 0-32 14.33-32 32v144H32c-17.67 0-32 14.33-32 32v32c0 17.67 14.33 32 32 32h144v144c0 17.67 14.33 32 32 32h32c17.67 0 32-14.33 32-32V304h144c17.67 0 32-14.33 32-32v-32c0-17.67-14.33-32-32-32z\"><\/path><\/svg><\/span>\n\t\t\t\t\t\t\t\t<span class=\"elementor-accordion-icon-opened\"><svg class=\"e-font-icon-svg e-fas-minus\" viewBox=\"0 0 448 512\" xmlns=\"http:\/\/www.w3.org\/2000\/svg\"><path d=\"M416 208H32c-17.67 0-32 14.33-32 32v32c0 17.67 14.33 32 32 32h384c17.67 0 32-14.33 32-32v-32c0-17.67-14.33-32-32-32z\"><\/path><\/svg><\/span>\n\t\t\t\t\t\t\t\t\t\t\t\t\t\t<\/span>\n\t\t\t\t\t\t\t\t\t\t\t\t<a class=\"elementor-accordion-title\" tabindex=\"0\">Le saignement des gencives est-il normal?<\/a>\n\t\t\t\t\t<\/div>\n\t\t\t\t\t<div id=\"elementor-tab-content-2002\" class=\"elementor-tab-content elementor-clearfix\" data-tab=\"2\" role=\"region\" aria-labelledby=\"elementor-tab-title-2002\"><p>Non. L\u2019h\u00e9morragie des gencives est g\u00e9n\u00e9ralement un <strong>signe d\u2019inflammation <\/strong>et peut indiquer une gingivite ou une maladie parodontale. <\/p>\n<\/div>\n\t\t\t\t<\/div>\n\t\t\t\t\t\t\t<div class=\"elementor-accordion-item\">\n\t\t\t\t\t<div id=\"elementor-tab-title-2003\" class=\"elementor-tab-title\" data-tab=\"3\" role=\"button\" aria-controls=\"elementor-tab-content-2003\" aria-expanded=\"false\">\n\t\t\t\t\t\t\t\t\t\t\t\t\t<span class=\"elementor-accordion-icon elementor-accordion-icon-left\" aria-hidden=\"true\">\n\t\t\t\t\t\t\t\t\t\t\t\t\t\t\t<span class=\"elementor-accordion-icon-closed\"><svg class=\"e-font-icon-svg e-fas-plus\" viewBox=\"0 0 448 512\" xmlns=\"http:\/\/www.w3.org\/2000\/svg\"><path d=\"M416 208H272V64c0-17.67-14.33-32-32-32h-32c-17.67 0-32 14.33-32 32v144H32c-17.67 0-32 14.33-32 32v32c0 17.67 14.33 32 32 32h144v144c0 17.67 14.33 32 32 32h32c17.67 0 32-14.33 32-32V304h144c17.67 0 32-14.33 32-32v-32c0-17.67-14.33-32-32-32z\"><\/path><\/svg><\/span>\n\t\t\t\t\t\t\t\t<span class=\"elementor-accordion-icon-opened\"><svg class=\"e-font-icon-svg e-fas-minus\" viewBox=\"0 0 448 512\" xmlns=\"http:\/\/www.w3.org\/2000\/svg\"><path d=\"M416 208H32c-17.67 0-32 14.33-32 32v32c0 17.67 14.33 32 32 32h384c17.67 0 32-14.33 32-32v-32c0-17.67-14.33-32-32-32z\"><\/path><\/svg><\/span>\n\t\t\t\t\t\t\t\t\t\t\t\t\t\t<\/span>\n\t\t\t\t\t\t\t\t\t\t\t\t<a class=\"elementor-accordion-title\" tabindex=\"0\">La parodontite peut-elle causer des maladies dans le reste du corps?<\/a>\n\t\t\t\t\t<\/div>\n\t\t\t\t\t<div id=\"elementor-tab-content-2003\" class=\"elementor-tab-content elementor-clearfix\" data-tab=\"3\" role=\"region\" aria-labelledby=\"elementor-tab-title-2003\"><p>La parodontite est associ\u00e9e \u00e0 plusieurs maladies syst\u00e9miques, notamment les maladies cardiovasculaires et le diab\u00e8te. La relation se produit principalement par des <strong>processus inflammatoires syst\u00e9miques.<\/strong> <\/p>\n<\/div>\n\t\t\t\t<\/div>\n\t\t\t\t\t\t\t<div class=\"elementor-accordion-item\">\n\t\t\t\t\t<div id=\"elementor-tab-title-2004\" class=\"elementor-tab-title\" data-tab=\"4\" role=\"button\" aria-controls=\"elementor-tab-content-2004\" aria-expanded=\"false\">\n\t\t\t\t\t\t\t\t\t\t\t\t\t<span class=\"elementor-accordion-icon elementor-accordion-icon-left\" aria-hidden=\"true\">\n\t\t\t\t\t\t\t\t\t\t\t\t\t\t\t<span class=\"elementor-accordion-icon-closed\"><svg class=\"e-font-icon-svg e-fas-plus\" viewBox=\"0 0 448 512\" xmlns=\"http:\/\/www.w3.org\/2000\/svg\"><path d=\"M416 208H272V64c0-17.67-14.33-32-32-32h-32c-17.67 0-32 14.33-32 32v144H32c-17.67 0-32 14.33-32 32v32c0 17.67 14.33 32 32 32h144v144c0 17.67 14.33 32 32 32h32c17.67 0 32-14.33 32-32V304h144c17.67 0 32-14.33 32-32v-32c0-17.67-14.33-32-32-32z\"><\/path><\/svg><\/span>\n\t\t\t\t\t\t\t\t<span class=\"elementor-accordion-icon-opened\"><svg class=\"e-font-icon-svg e-fas-minus\" viewBox=\"0 0 448 512\" xmlns=\"http:\/\/www.w3.org\/2000\/svg\"><path d=\"M416 208H32c-17.67 0-32 14.33-32 32v32c0 17.67 14.33 32 32 32h384c17.67 0 32-14.33 32-32v-32c0-17.67-14.33-32-32-32z\"><\/path><\/svg><\/span>\n\t\t\t\t\t\t\t\t\t\t\t\t\t\t<\/span>\n\t\t\t\t\t\t\t\t\t\t\t\t<a class=\"elementor-accordion-title\" tabindex=\"0\">Comment pr\u00e9venir la maladie parodontale?<\/a>\n\t\t\t\t\t<\/div>\n\t\t\t\t\t<div id=\"elementor-tab-content-2004\" class=\"elementor-tab-content elementor-clearfix\" data-tab=\"4\" role=\"region\" aria-labelledby=\"elementor-tab-title-2004\"><p>La pr\u00e9vention repose sur trois piliers :<\/p>\n<ul>\n<li>une hygi\u00e8ne buccale ad\u00e9quate<\/li>\n<li>consultations dentaires r\u00e9guli\u00e8res<\/li>\n<li>diagnostic pr\u00e9coce de l\u2019inflammation des gencives<\/li>\n<\/ul>\n<\/div>\n\t\t\t\t<\/div>\n\t\t\t\t\t\t\t<div class=\"elementor-accordion-item\">\n\t\t\t\t\t<div id=\"elementor-tab-title-2005\" class=\"elementor-tab-title\" data-tab=\"5\" role=\"button\" aria-controls=\"elementor-tab-content-2005\" aria-expanded=\"false\">\n\t\t\t\t\t\t\t\t\t\t\t\t\t<span class=\"elementor-accordion-icon elementor-accordion-icon-left\" aria-hidden=\"true\">\n\t\t\t\t\t\t\t\t\t\t\t\t\t\t\t<span class=\"elementor-accordion-icon-closed\"><svg class=\"e-font-icon-svg e-fas-plus\" viewBox=\"0 0 448 512\" xmlns=\"http:\/\/www.w3.org\/2000\/svg\"><path d=\"M416 208H272V64c0-17.67-14.33-32-32-32h-32c-17.67 0-32 14.33-32 32v144H32c-17.67 0-32 14.33-32 32v32c0 17.67 14.33 32 32 32h144v144c0 17.67 14.33 32 32 32h32c17.67 0 32-14.33 32-32V304h144c17.67 0 32-14.33 32-32v-32c0-17.67-14.33-32-32-32z\"><\/path><\/svg><\/span>\n\t\t\t\t\t\t\t\t<span class=\"elementor-accordion-icon-opened\"><svg class=\"e-font-icon-svg e-fas-minus\" viewBox=\"0 0 448 512\" xmlns=\"http:\/\/www.w3.org\/2000\/svg\"><path d=\"M416 208H32c-17.67 0-32 14.33-32 32v32c0 17.67 14.33 32 32 32h384c17.67 0 32-14.33 32-32v-32c0-17.67-14.33-32-32-32z\"><\/path><\/svg><\/span>\n\t\t\t\t\t\t\t\t\t\t\t\t\t\t<\/span>\n\t\t\t\t\t\t\t\t\t\t\t\t<a class=\"elementor-accordion-title\" tabindex=\"0\">\u00c0 quelle fr\u00e9quence faut-il faire une \u00e9valuation parodontale ?<\/a>\n\t\t\t\t\t<\/div>\n\t\t\t\t\t<div id=\"elementor-tab-content-2005\" class=\"elementor-tab-content elementor-clearfix\" data-tab=\"5\" role=\"region\" aria-labelledby=\"elementor-tab-title-2005\"><p>La plupart des personnes doivent avoir un rendez-vous de suivi au moins <strong>une fois par an,<\/strong> la fr\u00e9quence pouvant varier en fonction du risque individuel.<\/p>\n<\/div>\n\t\t\t\t<\/div>\n\t\t\t\t\t\t\t\t\t\t<script type=\"application\/ld+json\">{\"@context\":\"https:\\\/\\\/schema.org\",\"@type\":\"FAQPage\",\"mainEntity\":[{\"@type\":\"Question\",\"name\":\"La parodontite est-elle curable ?\",\"acceptedAnswer\":{\"@type\":\"Answer\",\"text\":\"<p>La destruction osseuse caus\\u00e9e par la parodontite est irr\\u00e9versible. Cependant, la maladie peut \\u00eatre <strong>contr\\u00f4l\\u00e9e et stabilis\\u00e9e<\\\/strong> avec un traitement appropri\\u00e9 et un entretien parodontal. <\\\/p>\\n\"}},{\"@type\":\"Question\",\"name\":\"Le saignement des gencives est-il normal?\",\"acceptedAnswer\":{\"@type\":\"Answer\",\"text\":\"<p>Non. L\\u2019h\\u00e9morragie des gencives est g\\u00e9n\\u00e9ralement un <strong>signe d\\u2019inflammation <\\\/strong>et peut indiquer une gingivite ou une maladie parodontale. <\\\/p>\\n\"}},{\"@type\":\"Question\",\"name\":\"La parodontite peut-elle causer des maladies dans le reste du corps?\",\"acceptedAnswer\":{\"@type\":\"Answer\",\"text\":\"<p>La parodontite est associ\\u00e9e \\u00e0 plusieurs maladies syst\\u00e9miques, notamment les maladies cardiovasculaires et le diab\\u00e8te. La relation se produit principalement par des <strong>processus inflammatoires syst\\u00e9miques.<\\\/strong> <\\\/p>\\n\"}},{\"@type\":\"Question\",\"name\":\"Comment pr\\u00e9venir la maladie parodontale?\",\"acceptedAnswer\":{\"@type\":\"Answer\",\"text\":\"<p>La pr\\u00e9vention repose sur trois piliers :<\\\/p>\\n<ul>\\n<li>une hygi\\u00e8ne buccale ad\\u00e9quate<\\\/li>\\n<li>consultations dentaires r\\u00e9guli\\u00e8res<\\\/li>\\n<li>diagnostic pr\\u00e9coce de l\\u2019inflammation des gencives<\\\/li>\\n<\\\/ul>\\n\"}},{\"@type\":\"Question\",\"name\":\"\\u00c0 quelle fr\\u00e9quence faut-il faire une \\u00e9valuation parodontale ?\",\"acceptedAnswer\":{\"@type\":\"Answer\",\"text\":\"<p>La plupart des personnes doivent avoir un rendez-vous de suivi au moins <strong>une fois par an,<\\\/strong> la fr\\u00e9quence pouvant varier en fonction du risque individuel.<\\\/p>\\n\"}}]}<\/script>\n\t\t\t\t\t<\/div>\n\t\t\t\t\t\t<\/div>\n\t\t\t\t<\/div>\n\t\t\t\t<div class=\"elementor-element elementor-element-b941328 elementor-widget elementor-widget-heading\" data-id=\"b941328\" data-element_type=\"widget\" data-e-type=\"widget\" data-widget_type=\"heading.default\">\n\t\t\t\t<div class=\"elementor-widget-container\">\n\t\t\t\t\t<h2 class=\"elementor-heading-title elementor-size-default\">La parodontite est une maladie inflammatoire chronique qui a un impact sur la sant\u00e9 globale<\/h2>\t\t\t\t<\/div>\n\t\t\t\t<\/div>\n\t\t\t\t<div class=\"elementor-element elementor-element-e98f5ed elementor-widget elementor-widget-text-editor\" data-id=\"e98f5ed\" data-element_type=\"widget\" data-e-type=\"widget\" data-widget_type=\"text-editor.default\">\n\t\t\t\t<div class=\"elementor-widget-container\">\n\t\t\t\t\t\t\t\t\t<p>Il est certain que si l\u2019on en est arriv\u00e9 l\u00e0, on a d\u00e9j\u00e0 \u00e9cart\u00e9 l\u2019id\u00e9e que la parodontite est inoffensive et qu\u2019elle n\u2019est qu\u2019une question esth\u00e9tique ou fonctionnelle.<\/p><p><strong>Les saignements des gencives, l\u2019inflammation persistante ou la mobilit\u00e9 dentaire sont des signes qui n\u00e9cessitent une \u00e9valuation clinique.<\/strong><\/p><p>La pr\u00e9vention, le diagnostic pr\u00e9coce et le suivi sont essentiels pour pr\u00e9server les dents et prot\u00e9ger la sant\u00e9 mondiale.<\/p><p>Chaque fois que nous parlons de la sant\u00e9 bucco-dentaire, <strong>nous ne nous lassons pas de rappeler que prendre soin des gencives est prendre soin de l\u2019organisme.<\/strong><\/p>\t\t\t\t\t\t\t\t<\/div>\n\t\t\t\t<\/div>\n\t\t\t\t<div class=\"elementor-element elementor-element-39a370a elementor-widget elementor-widget-text-editor\" data-id=\"39a370a\" data-element_type=\"widget\" data-e-type=\"widget\" data-widget_type=\"text-editor.default\">\n\t\t\t\t<div class=\"elementor-widget-container\">\n\t\t\t\t\t\t\t\t\t<p><a href=\"https:\/\/aclinicadrpedromota.pt\/fr\/informations\/\">Prenez rendez-vous<\/a> pour une consultation de parodontologie dans L\u2019Clinique sans plus de retards et d\u2019excuses.<\/p>\t\t\t\t\t\t\t\t<\/div>\n\t\t\t\t<\/div>\n\t\t\t\t\t<\/div>\n\t\t<\/div>\n\t\t\t\t<div class=\"elementor-column elementor-col-33 elementor-top-column elementor-element elementor-element-151aa7d\" data-id=\"151aa7d\" data-element_type=\"column\" data-e-type=\"column\">\n\t\t\t<div class=\"elementor-widget-wrap elementor-element-populated\">\n\t\t\t\t\t\t<div class=\"elementor-element elementor-element-e163e4b elementor-widget elementor-widget-text-editor\" data-id=\"e163e4b\" data-element_type=\"widget\" data-e-type=\"widget\" data-widget_type=\"text-editor.default\">\n\t\t\t\t<div class=\"elementor-widget-container\">\n\t\t\t\t\t\t\t\t\t<p>Vous pourriez \u00eatre int\u00e9ress\u00e9 par :<\/p>\t\t\t\t\t\t\t\t<\/div>\n\t\t\t\t<\/div>\n\t\t\t\t\t<\/div>\n\t\t<\/div>\n\t\t\t\t\t<\/div>\n\t\t<\/section>\n\t\t\t\t<\/div>\n\t\t","protected":false},"excerpt":{"rendered":"<p>La parodontite et la sant\u00e9 en g\u00e9n\u00e9ral sont \u00e9troitement li\u00e9es. La parodontite est une maladie inflammatoire chronique associ\u00e9e \u00e0 un risque cardiovasculaire, au diab\u00e8te et \u00e0 d\u2019autres affections syst\u00e9miques. <\/p>\n","protected":false},"author":2,"featured_media":21588,"comment_status":"closed","ping_status":"closed","sticky":false,"template":"","format":"standard","meta":{"site-sidebar-layout":"default","site-content-layout":"","ast-site-content-layout":"default","site-content-style":"default","site-sidebar-style":"default","ast-global-header-display":"","ast-banner-title-visibility":"","ast-main-header-display":"","ast-hfb-above-header-display":"","ast-hfb-below-header-display":"","ast-hfb-mobile-header-display":"","site-post-title":"disabled","ast-breadcrumbs-content":"","ast-featured-img":"","footer-sml-layout":"","ast-disable-related-posts":"","theme-transparent-header-meta":"","adv-header-id-meta":"","stick-header-meta":"","header-above-stick-meta":"","header-main-stick-meta":"","header-below-stick-meta":"","astra-migrate-meta-layouts":"default","ast-page-background-enabled":"default","ast-page-background-meta":{"desktop":{"background-color":"var(--ast-global-color-4)","background-image":"","background-repeat":"repeat","background-position":"center center","background-size":"auto","background-attachment":"scroll","background-type":"","background-media":"","overlay-type":"","overlay-color":"","overlay-opacity":"","overlay-gradient":""},"tablet":{"background-color":"","background-image":"","background-repeat":"repeat","background-position":"center center","background-size":"auto","background-attachment":"scroll","background-type":"","background-media":"","overlay-type":"","overlay-color":"","overlay-opacity":"","overlay-gradient":""},"mobile":{"background-color":"","background-image":"","background-repeat":"repeat","background-position":"center center","background-size":"auto","background-attachment":"scroll","background-type":"","background-media":"","overlay-type":"","overlay-color":"","overlay-opacity":"","overlay-gradient":""}},"ast-content-background-meta":{"desktop":{"background-color":"var(--ast-global-color-5)","background-image":"","background-repeat":"repeat","background-position":"center center","background-size":"auto","background-attachment":"scroll","background-type":"","background-media":"","overlay-type":"","overlay-color":"","overlay-opacity":"","overlay-gradient":""},"tablet":{"background-color":"var(--ast-global-color-5)","background-image":"","background-repeat":"repeat","background-position":"center center","background-size":"auto","background-attachment":"scroll","background-type":"","background-media":"","overlay-type":"","overlay-color":"","overlay-opacity":"","overlay-gradient":""},"mobile":{"background-color":"var(--ast-global-color-5)","background-image":"","background-repeat":"repeat","background-position":"center center","background-size":"auto","background-attachment":"scroll","background-type":"","background-media":"","overlay-type":"","overlay-color":"","overlay-opacity":"","overlay-gradient":""}},"_joinchat":[],"footnotes":""},"categories":[130],"tags":[191,198,197,132],"class_list":["post-21595","post","type-post","status-publish","format-standard","has-post-thumbnail","hentry","category-articles-de-blog","tag-maladie-parodontale","tag-parodontite","tag-parodontologie","tag-sante-buccale"],"_links":{"self":[{"href":"https:\/\/aclinicadrpedromota.pt\/fr\/wp-json\/wp\/v2\/posts\/21595","targetHints":{"allow":["GET"]}}],"collection":[{"href":"https:\/\/aclinicadrpedromota.pt\/fr\/wp-json\/wp\/v2\/posts"}],"about":[{"href":"https:\/\/aclinicadrpedromota.pt\/fr\/wp-json\/wp\/v2\/types\/post"}],"author":[{"embeddable":true,"href":"https:\/\/aclinicadrpedromota.pt\/fr\/wp-json\/wp\/v2\/users\/2"}],"replies":[{"embeddable":true,"href":"https:\/\/aclinicadrpedromota.pt\/fr\/wp-json\/wp\/v2\/comments?post=21595"}],"version-history":[{"count":7,"href":"https:\/\/aclinicadrpedromota.pt\/fr\/wp-json\/wp\/v2\/posts\/21595\/revisions"}],"predecessor-version":[{"id":21664,"href":"https:\/\/aclinicadrpedromota.pt\/fr\/wp-json\/wp\/v2\/posts\/21595\/revisions\/21664"}],"wp:featuredmedia":[{"embeddable":true,"href":"https:\/\/aclinicadrpedromota.pt\/fr\/wp-json\/wp\/v2\/media\/21588"}],"wp:attachment":[{"href":"https:\/\/aclinicadrpedromota.pt\/fr\/wp-json\/wp\/v2\/media?parent=21595"}],"wp:term":[{"taxonomy":"category","embeddable":true,"href":"https:\/\/aclinicadrpedromota.pt\/fr\/wp-json\/wp\/v2\/categories?post=21595"},{"taxonomy":"post_tag","embeddable":true,"href":"https:\/\/aclinicadrpedromota.pt\/fr\/wp-json\/wp\/v2\/tags?post=21595"}],"curies":[{"name":"wp","href":"https:\/\/api.w.org\/{rel}","templated":true}]}}