{"id":20268,"date":"2026-01-12T18:44:42","date_gmt":"2026-01-12T18:44:42","guid":{"rendered":"https:\/\/aclinicadrpedromota.pt\/sante-orale-a-21-ans-la-maturite-de-votre-sourire\/"},"modified":"2026-04-15T11:49:24","modified_gmt":"2026-04-15T11:49:24","slug":"sante-orale-a-21-ans-la-maturite-de-votre-sourire","status":"publish","type":"post","link":"https:\/\/aclinicadrpedromota.pt\/fr\/sante-orale-a-21-ans-la-maturite-de-votre-sourire\/","title":{"rendered":"Sant\u00e9 orale \u00e0 21 ans : la maturit\u00e9 de votre sourire"},"content":{"rendered":"\t\t<div data-elementor-type=\"wp-post\" data-elementor-id=\"20268\" class=\"elementor elementor-20268 elementor-20236\" data-elementor-post-type=\"post\">\n\t\t\t\t\t\t<section class=\"elementor-section elementor-top-section elementor-element elementor-element-69ccd57 elementor-section-boxed elementor-section-height-default elementor-section-height-default\" data-id=\"69ccd57\" data-element_type=\"section\" data-e-type=\"section\">\n\t\t\t\t\t\t<div class=\"elementor-container elementor-column-gap-extended\">\n\t\t\t\t\t<div class=\"elementor-column elementor-col-66 elementor-top-column elementor-element elementor-element-cf49ef5\" data-id=\"cf49ef5\" data-element_type=\"column\" data-e-type=\"column\">\n\t\t\t<div class=\"elementor-widget-wrap elementor-element-populated\">\n\t\t\t\t\t\t<div class=\"elementor-element elementor-element-8d3780c elementor-widget elementor-widget-heading\" data-id=\"8d3780c\" data-element_type=\"widget\" data-e-type=\"widget\" data-widget_type=\"heading.default\">\n\t\t\t\t<div class=\"elementor-widget-container\">\n\t\t\t\t\t<h1 class=\"elementor-heading-title elementor-size-default\">Sant\u00e9 orale \u00e0 21 ans : la maturit\u00e9 de votre sourire<\/h1>\t\t\t\t<\/div>\n\t\t\t\t<\/div>\n\t\t\t\t<div class=\"elementor-element elementor-element-b4f9103 elementor-widget__width-initial elementor-widget elementor-widget-image\" data-id=\"b4f9103\" data-element_type=\"widget\" data-e-type=\"widget\" data-widget_type=\"image.default\">\n\t\t\t\t<div class=\"elementor-widget-container\">\n\t\t\t\t\t\t\t\t\t\t\t\t\t\t\t<img fetchpriority=\"high\" decoding=\"async\" width=\"1024\" height=\"450\" src=\"https:\/\/aclinicadrpedromota.pt\/wp-content\/uploads\/2026\/01\/01_janeiro_26_site_Blogue_21-anos-1024x450.webp\" class=\"attachment-large size-large wp-image-20267\" alt=\"sant\u00e9 bucco-dentaire \u00e0 21 ans\" srcset=\"https:\/\/aclinicadrpedromota.pt\/wp-content\/uploads\/2026\/01\/01_janeiro_26_site_Blogue_21-anos-1024x450.webp 1024w, https:\/\/aclinicadrpedromota.pt\/wp-content\/uploads\/2026\/01\/01_janeiro_26_site_Blogue_21-anos-300x132.webp 300w, https:\/\/aclinicadrpedromota.pt\/wp-content\/uploads\/2026\/01\/01_janeiro_26_site_Blogue_21-anos-768x337.webp 768w, https:\/\/aclinicadrpedromota.pt\/wp-content\/uploads\/2026\/01\/01_janeiro_26_site_Blogue_21-anos.webp 1366w\" sizes=\"(max-width: 1024px) 100vw, 1024px\" \/>\t\t\t\t\t\t\t\t\t\t\t\t\t\t\t<\/div>\n\t\t\t\t<\/div>\n\t\t\t\t<div class=\"elementor-element elementor-element-785a59d elementor-widget elementor-widget-text-editor\" data-id=\"785a59d\" data-element_type=\"widget\" data-e-type=\"widget\" data-widget_type=\"text-editor.default\">\n\t\t\t\t<div class=\"elementor-widget-container\">\n\t\t\t\t\t\t\t\t\t<p>Il y a des \u00e2ges qui passent presque sans laisser de trace ; d\u2019autres qui apportent des \u00ab\u00a0crises d\u2019\u00e2ge\u00a0\u00bb associ\u00e9es ; et, enfin, il y en a d\u2019autres qui, sans grand bruit, <strong>marquent un moment de changement r\u00e9el.<\/strong><\/p><p>Dans la vie, ils marquent une phase de <strong>plus grande autonomie<\/strong>, de <strong>d\u00e9cisions plus conscientes<\/strong> et de <strong>responsabilit\u00e9 <\/strong>sur des choix qui ne sont plus temporaires.<\/p><p>En <strong>m\u00e9decine dentaire<\/strong>, elles co\u00efncident souvent avec un point clinique important : la maturation du complexe maxillo-mandibulaire, qui tend \u00e0 se stabiliser au d\u00e9but de l\u2019\u00e2ge adulte, permettant une planification plus pr\u00e9visible et durable. C\u2019est pourquoi la sant\u00e9 bucco-dentaire \u00e0 21 ans est si importante ! <\/p><p>Cette heureuse co\u00efncidence entre maturit\u00e9 personnelle et maturit\u00e9 structurelle. En effet, dans ce cas les co\u00efncidences n\u2019existent pas, mais elles sont un contexte. C\u2019est dans ce contexte qu\u2019il est logique d<strong>e s\u2019arr\u00eater, d\u2019\u00e9valuer et de d\u00e9cider avec discernement.<\/strong>  <\/p><p>Dans cet article, et \u00e0 partir de la num\u00e9rologie, pr\u00e9cis\u00e9ment du num\u00e9ro 21, nous allons expliquer ce jalon dans la sant\u00e9 bucco-dentaire, o\u00f9 l\u2019autonomie et les d\u00e9cisions conscientes ressortent. M\u00eame pour la clinique Dr. Pedro Mota, d\u00e9couvrez pourquoi! <\/p>\t\t\t\t\t\t\t\t<\/div>\n\t\t\t\t<\/div>\n\t\t\t\t<div class=\"elementor-element elementor-element-c405c81 elementor-toc--minimized-on-tablet elementor-widget elementor-widget-table-of-contents\" data-id=\"c405c81\" data-element_type=\"widget\" data-e-type=\"widget\" data-settings=\"{&quot;headings_by_tags&quot;:[&quot;h2&quot;,&quot;h3&quot;],&quot;exclude_headings_by_selector&quot;:[],&quot;no_headings_message&quot;:&quot;No headings were found on this page.&quot;,&quot;marker_view&quot;:&quot;numbers&quot;,&quot;minimize_box&quot;:&quot;yes&quot;,&quot;minimized_on&quot;:&quot;tablet&quot;,&quot;hierarchical_view&quot;:&quot;yes&quot;,&quot;min_height&quot;:{&quot;unit&quot;:&quot;px&quot;,&quot;size&quot;:&quot;&quot;,&quot;sizes&quot;:[]},&quot;min_height_tablet&quot;:{&quot;unit&quot;:&quot;px&quot;,&quot;size&quot;:&quot;&quot;,&quot;sizes&quot;:[]},&quot;min_height_mobile&quot;:{&quot;unit&quot;:&quot;px&quot;,&quot;size&quot;:&quot;&quot;,&quot;sizes&quot;:[]}}\" data-widget_type=\"table-of-contents.default\">\n\t\t\t\t<div class=\"elementor-widget-container\">\n\t\t\t\t\t\t\t<div class=\"elementor-toc__header\">\n\t\t\t<h5 class=\"elementor-toc__header-title\">\n\t\t\t\tContenus abord\u00e9s :\t\t\t<\/h5>\n\t\t\t\t\t\t\t<div class=\"elementor-toc__toggle-button elementor-toc__toggle-button--expand\" role=\"button\" tabindex=\"0\" aria-controls=\"elementor-toc__c405c81\" aria-expanded=\"true\" aria-label=\"Open table of contents\"><svg aria-hidden=\"true\" class=\"e-font-icon-svg e-fas-chevron-down\" viewBox=\"0 0 448 512\" xmlns=\"http:\/\/www.w3.org\/2000\/svg\"><path d=\"M207.029 381.476L12.686 187.132c-9.373-9.373-9.373-24.569 0-33.941l22.667-22.667c9.357-9.357 24.522-9.375 33.901-.04L224 284.505l154.745-154.021c9.379-9.335 24.544-9.317 33.901.04l22.667 22.667c9.373 9.373 9.373 24.569 0 33.941L240.971 381.476c-9.373 9.372-24.569 9.372-33.942 0z\"><\/path><\/svg><\/div>\n\t\t\t\t<div class=\"elementor-toc__toggle-button elementor-toc__toggle-button--collapse\" role=\"button\" tabindex=\"0\" aria-controls=\"elementor-toc__c405c81\" aria-expanded=\"true\" aria-label=\"Close table of contents\"><svg aria-hidden=\"true\" class=\"e-font-icon-svg e-fas-chevron-up\" viewBox=\"0 0 448 512\" xmlns=\"http:\/\/www.w3.org\/2000\/svg\"><path d=\"M240.971 130.524l194.343 194.343c9.373 9.373 9.373 24.569 0 33.941l-22.667 22.667c-9.357 9.357-24.522 9.375-33.901.04L224 227.495 69.255 381.516c-9.379 9.335-24.544 9.317-33.901-.04l-22.667-22.667c-9.373-9.373-9.373-24.569 0-33.941L207.03 130.525c9.372-9.373 24.568-9.373 33.941-.001z\"><\/path><\/svg><\/div>\n\t\t\t\t\t<\/div>\n\t\t<div id=\"elementor-toc__c405c81\" class=\"elementor-toc__body\">\n\t\t\t<div class=\"elementor-toc__spinner-container\">\n\t\t\t\t<svg class=\"elementor-toc__spinner eicon-animation-spin e-font-icon-svg e-eicon-loading\" aria-hidden=\"true\" viewBox=\"0 0 1000 1000\" xmlns=\"http:\/\/www.w3.org\/2000\/svg\"><path d=\"M500 975V858C696 858 858 696 858 500S696 142 500 142 142 304 142 500H25C25 237 238 25 500 25S975 237 975 500 763 975 500 975Z\"><\/path><\/svg>\t\t\t<\/div>\n\t\t<\/div>\n\t\t\t\t\t\t<\/div>\n\t\t\t\t<\/div>\n\t\t\t\t<div class=\"elementor-element elementor-element-e922187 elementor-widget elementor-widget-heading\" data-id=\"e922187\" data-element_type=\"widget\" data-e-type=\"widget\" data-widget_type=\"heading.default\">\n\t\t\t\t<div class=\"elementor-widget-container\">\n\t\t\t\t\t<h2 class=\"elementor-heading-title elementor-size-default\">Lorsque la structure se stabilise, le traitement des dents doit \u00eatre diff\u00e9rent<\/h2>\t\t\t\t<\/div>\n\t\t\t\t<\/div>\n\t\t\t\t<div class=\"elementor-element elementor-element-222941a elementor-widget elementor-widget-text-editor\" data-id=\"222941a\" data-element_type=\"widget\" data-e-type=\"widget\" data-widget_type=\"text-editor.default\">\n\t\t\t\t<div class=\"elementor-widget-container\">\n\t\t\t\t\t\t\t\t\t<p>Pendant<strong> l\u2019enfance et l\u2019adolescence<\/strong>, la bouche est en constante adaptation. Les os se d\u00e9veloppent, la morsure s\u2019ajuste, les dents \u00e9clatent et de nombreux traitements sont consid\u00e9r\u00e9s comme <strong>des \u00e9tapes interm\u00e9diaires d\u2019un processus encore en \u00e9volution.<\/strong> <\/p><p>Au d\u00e9but de <strong>l\u2019\u00e2ge adulte<\/strong>, ce rythme ralentit. La <strong>structure tend \u00e0 devenir plus stable<\/strong>, ce qui, du point de vue clinique, permet un autre type d\u2019approche : moins ax\u00e9e sur la compensation de la croissance et plus orient\u00e9e vers la <strong>stabilit\u00e9, la fonction et la long\u00e9vit\u00e9.<\/strong> <\/p>\t\t\t\t\t\t\t\t<\/div>\n\t\t\t\t<\/div>\n\t\t\t\t<div class=\"elementor-element elementor-element-3aaa0d9 elementor-icon-list--layout-traditional elementor-list-item-link-full_width elementor-widget elementor-widget-icon-list\" data-id=\"3aaa0d9\" data-element_type=\"widget\" data-e-type=\"widget\" data-widget_type=\"icon-list.default\">\n\t\t\t\t<div class=\"elementor-widget-container\">\n\t\t\t\t\t\t\t<ul class=\"elementor-icon-list-items\">\n\t\t\t\t\t\t\t<li class=\"elementor-icon-list-item\">\n\t\t\t\t\t\t\t\t\t\t\t<span class=\"elementor-icon-list-icon\">\n\t\t\t\t\t\t\t<svg aria-hidden=\"true\" class=\"e-font-icon-svg e-far-hand-point-right\" viewBox=\"0 0 512 512\" xmlns=\"http:\/\/www.w3.org\/2000\/svg\"><path d=\"M428.8 137.6h-86.177a115.52 115.52 0 0 0 2.176-22.4c0-47.914-35.072-83.2-92-83.2-45.314 0-57.002 48.537-75.707 78.784-7.735 12.413-16.994 23.317-25.851 33.253l-.131.146-.129.148C135.662 161.807 127.764 168 120.8 168h-2.679c-5.747-4.952-13.536-8-22.12-8H32c-17.673 0-32 12.894-32 28.8v230.4C0 435.106 14.327 448 32 448h64c8.584 0 16.373-3.048 22.12-8h2.679c28.688 0 67.137 40 127.2 40h21.299c62.542 0 98.8-38.658 99.94-91.145 12.482-17.813 18.491-40.785 15.985-62.791A93.148 93.148 0 0 0 393.152 304H428.8c45.435 0 83.2-37.584 83.2-83.2 0-45.099-38.101-83.2-83.2-83.2zm0 118.4h-91.026c12.837 14.669 14.415 42.825-4.95 61.05 11.227 19.646 1.687 45.624-12.925 53.625 6.524 39.128-10.076 61.325-50.6 61.325H248c-45.491 0-77.21-35.913-120-39.676V215.571c25.239-2.964 42.966-21.222 59.075-39.596 11.275-12.65 21.725-25.3 30.799-39.875C232.355 112.712 244.006 80 252.8 80c23.375 0 44 8.8 44 35.2 0 35.2-26.4 53.075-26.4 70.4h158.4c18.425 0 35.2 16.5 35.2 35.2 0 18.975-16.225 35.2-35.2 35.2zM88 384c0 13.255-10.745 24-24 24s-24-10.745-24-24 10.745-24 24-24 24 10.745 24 24z\"><\/path><\/svg>\t\t\t\t\t\t<\/span>\n\t\t\t\t\t\t\t\t\t\t<span class=\"elementor-icon-list-text\"><b>Cela ne signifie pas que tous les traitements sont indiqu\u00e9s \u00e0 partir de 21 ans. Cela signifie quelque chose de plus important : les d\u00e9cisions peuvent \u00eatre planifi\u00e9es avec un horizon plus long, \u00e0 condition qu\u2019il y ait un diagnostic rigoureux et une indication clinique claire. <\/b><\/span>\n\t\t\t\t\t\t\t\t\t<\/li>\n\t\t\t\t\t\t<\/ul>\n\t\t\t\t\t\t<\/div>\n\t\t\t\t<\/div>\n\t\t\t\t<div class=\"elementor-element elementor-element-ac95fdc elementor-widget elementor-widget-text-editor\" data-id=\"ac95fdc\" data-element_type=\"widget\" data-e-type=\"widget\" data-widget_type=\"text-editor.default\">\n\t\t\t\t<div class=\"elementor-widget-container\">\n\t\t\t\t\t\t\t\t\t<p>C\u2019est pourquoi l\u2019Ordre des m\u00e9decins dentistes <a href=\"https:\/\/www.omd.pt\/publico\/prevencao-higiene-oral\/\" target=\"_blank\" rel=\"noopener\">insiste constamment<\/a> sur l\u2019importance de l\u2019\u00e9valuation, de la pr\u00e9vention et du suivi r\u00e9gulier comme base d\u2019une sant\u00e9 bucco-dentaire durable.<\/p>\t\t\t\t\t\t\t\t<\/div>\n\t\t\t\t<\/div>\n\t\t\t\t<div class=\"elementor-element elementor-element-37b1a7e elementor-widget elementor-widget-heading\" data-id=\"37b1a7e\" data-element_type=\"widget\" data-e-type=\"widget\" data-widget_type=\"heading.default\">\n\t\t\t\t<div class=\"elementor-widget-container\">\n\t\t\t\t\t<h2 class=\"elementor-heading-title elementor-size-default\">Sant\u00e9 bucco-dentaire \u00e0 21 ans : quand \u00e9valuer est plus important qu\u2019intervenir !<\/h2>\t\t\t\t<\/div>\n\t\t\t\t<\/div>\n\t\t\t\t<div class=\"elementor-element elementor-element-cf438f2 elementor-widget elementor-widget-text-editor\" data-id=\"cf438f2\" data-element_type=\"widget\" data-e-type=\"widget\" data-widget_type=\"text-editor.default\">\n\t\t\t\t<div class=\"elementor-widget-container\">\n\t\t\t\t\t\t\t\t\t<p>Dans cette phase de la vie, il y a souvent des probl\u00e8mes cliniques concernant la sant\u00e9 bucco-dentaire des adultes qui m\u00e9ritent d\u2019\u00eatre examin\u00e9s avec calme et sans pr\u00e9cipitation, comme ceux dont nous allons parler ci-dessous.<\/p>\t\t\t\t\t\t\t\t<\/div>\n\t\t\t\t<\/div>\n\t\t\t\t<div class=\"elementor-element elementor-element-df0ff05 elementor-widget elementor-widget-heading\" data-id=\"df0ff05\" data-element_type=\"widget\" data-e-type=\"widget\" data-widget_type=\"heading.default\">\n\t\t\t\t<div class=\"elementor-widget-container\">\n\t\t\t\t\t<h3 class=\"elementor-heading-title elementor-size-default\"><b>Sisos <\/b>: d\u00e9cider avec l\u2019information, pas avec la douleur<\/h3>\t\t\t\t<\/div>\n\t\t\t\t<\/div>\n\t\t\t\t<div class=\"elementor-element elementor-element-2074c03 elementor-icon-list--layout-traditional elementor-list-item-link-full_width elementor-widget elementor-widget-icon-list\" data-id=\"2074c03\" data-element_type=\"widget\" data-e-type=\"widget\" data-widget_type=\"icon-list.default\">\n\t\t\t\t<div class=\"elementor-widget-container\">\n\t\t\t\t\t\t\t<ul class=\"elementor-icon-list-items\">\n\t\t\t\t\t\t\t<li class=\"elementor-icon-list-item\">\n\t\t\t\t\t\t\t\t\t\t\t<span class=\"elementor-icon-list-icon\">\n\t\t\t\t\t\t\t<svg aria-hidden=\"true\" class=\"e-font-icon-svg e-fas-tooth\" viewBox=\"0 0 448 512\" xmlns=\"http:\/\/www.w3.org\/2000\/svg\"><path d=\"M443.98 96.25c-11.01-45.22-47.11-82.06-92.01-93.72-32.19-8.36-63 5.1-89.14 24.33-3.25 2.39-6.96 3.73-10.5 5.48l28.32 18.21c7.42 4.77 9.58 14.67 4.8 22.11-4.46 6.95-14.27 9.86-22.11 4.8L162.83 12.84c-20.7-10.85-43.38-16.4-66.81-10.31-44.9 11.67-81 48.5-92.01 93.72-10.13 41.62-.42 80.81 21.5 110.43 23.36 31.57 32.68 68.66 36.29 107.35 4.4 47.16 10.33 94.16 20.94 140.32l7.8 33.95c3.19 13.87 15.49 23.7 29.67 23.7 13.97 0 26.15-9.55 29.54-23.16l34.47-138.42c4.56-18.32 20.96-31.16 39.76-31.16s35.2 12.85 39.76 31.16l34.47 138.42c3.39 13.61 15.57 23.16 29.54 23.16 14.18 0 26.48-9.83 29.67-23.7l7.8-33.95c10.61-46.15 16.53-93.16 20.94-140.32 3.61-38.7 12.93-75.78 36.29-107.35 21.95-29.61 31.66-68.8 21.53-110.43z\"><\/path><\/svg>\t\t\t\t\t\t<\/span>\n\t\t\t\t\t\t\t\t\t\t<span class=\"elementor-icon-list-text\">Les sicos ne sont pas un probl\u00e8me par d\u00e9finition. Ils deviennent un probl\u00e8me lorsque leur position entrave l\u2019hygi\u00e8ne, provoque une inflammation r\u00e9currente ou cr\u00e9e un risque pour les dents voisines. <b> L\u2019\u00e9valuation pr\u00e9coce des cas permet de d\u00e9cider entre la surveillance ou l\u2019intervention, en \u00e9vitant les situations aigu\u00ebs \u00e0 l\u2019avenir.<\/b><\/span>\n\t\t\t\t\t\t\t\t\t<\/li>\n\t\t\t\t\t\t<\/ul>\n\t\t\t\t\t\t<\/div>\n\t\t\t\t<\/div>\n\t\t\t\t<div class=\"elementor-element elementor-element-fc6f383 elementor-widget elementor-widget-heading\" data-id=\"fc6f383\" data-element_type=\"widget\" data-e-type=\"widget\" data-widget_type=\"heading.default\">\n\t\t\t\t<div class=\"elementor-widget-container\">\n\t\t\t\t\t<h3 class=\"elementor-heading-title elementor-size-default\"><b>Orthodontie <\/b>: la fonction avant l\u2019esth\u00e9tique\n<\/h3>\t\t\t\t<\/div>\n\t\t\t\t<\/div>\n\t\t\t\t<div class=\"elementor-element elementor-element-394118a elementor-widget elementor-widget-heading\" data-id=\"394118a\" data-element_type=\"widget\" data-e-type=\"widget\" data-widget_type=\"heading.default\">\n\t\t\t\t<div class=\"elementor-widget-container\">\n\t\t\t\t\t<h4 class=\"elementor-heading-title elementor-size-default\">Est-ce le meilleur moment pour un traitement orthodontique ?\n<\/h4>\t\t\t\t<\/div>\n\t\t\t\t<\/div>\n\t\t\t\t<div class=\"elementor-element elementor-element-581b4d4 elementor-icon-list--layout-traditional elementor-list-item-link-full_width elementor-widget elementor-widget-icon-list\" data-id=\"581b4d4\" data-element_type=\"widget\" data-e-type=\"widget\" data-widget_type=\"icon-list.default\">\n\t\t\t\t<div class=\"elementor-widget-container\">\n\t\t\t\t\t\t\t<ul class=\"elementor-icon-list-items\">\n\t\t\t\t\t\t\t<li class=\"elementor-icon-list-item\">\n\t\t\t\t\t\t\t\t\t\t\t<span class=\"elementor-icon-list-icon\">\n\t\t\t\t\t\t\t<svg aria-hidden=\"true\" class=\"e-font-icon-svg e-fas-tooth\" viewBox=\"0 0 448 512\" xmlns=\"http:\/\/www.w3.org\/2000\/svg\"><path d=\"M443.98 96.25c-11.01-45.22-47.11-82.06-92.01-93.72-32.19-8.36-63 5.1-89.14 24.33-3.25 2.39-6.96 3.73-10.5 5.48l28.32 18.21c7.42 4.77 9.58 14.67 4.8 22.11-4.46 6.95-14.27 9.86-22.11 4.8L162.83 12.84c-20.7-10.85-43.38-16.4-66.81-10.31-44.9 11.67-81 48.5-92.01 93.72-10.13 41.62-.42 80.81 21.5 110.43 23.36 31.57 32.68 68.66 36.29 107.35 4.4 47.16 10.33 94.16 20.94 140.32l7.8 33.95c3.19 13.87 15.49 23.7 29.67 23.7 13.97 0 26.15-9.55 29.54-23.16l34.47-138.42c4.56-18.32 20.96-31.16 39.76-31.16s35.2 12.85 39.76 31.16l34.47 138.42c3.39 13.61 15.57 23.16 29.54 23.16 14.18 0 26.48-9.83 29.67-23.7l7.8-33.95c10.61-46.15 16.53-93.16 20.94-140.32 3.61-38.7 12.93-75.78 36.29-107.35 21.95-29.61 31.66-68.8 21.53-110.43z\"><\/path><\/svg>\t\t\t\t\t\t<\/span>\n\t\t\t\t\t\t\t\t\t\t<span class=\"elementor-icon-list-text\">Pour certains patients, l\u2019\u00e2ge de 21 ans co\u00efncide avec la <b>phase d\u2019ach\u00e8vement du traitement orthodontique<\/b> et de consolidation de la morsure. <p>Pour d\u2019autres, c\u2019est le moment o\u00f9 l\u2019on se rend compte que la question n\u2019a jamais \u00e9t\u00e9 seulement esth\u00e9tique, mais fonctionnelle : usure, surcharge, instabilit\u00e9 ou difficult\u00e9 d\u2019hygi\u00e8ne.<b> La bonne question n\u2019est pas \"porter des appareils?\" mais si la morsure est \u00e9quilibr\u00e9e et saine.<\/b><\/p><\/span>\n\t\t\t\t\t\t\t\t\t<\/li>\n\t\t\t\t\t\t<\/ul>\n\t\t\t\t\t\t<\/div>\n\t\t\t\t<\/div>\n\t\t\t\t<div class=\"elementor-element elementor-element-c51e10c elementor-widget elementor-widget-heading\" data-id=\"c51e10c\" data-element_type=\"widget\" data-e-type=\"widget\" data-widget_type=\"heading.default\">\n\t\t\t\t<div class=\"elementor-widget-container\">\n\t\t\t\t\t<h3 class=\"elementor-heading-title elementor-size-default\"><b>Esth\u00e9tique dentaire <\/b>: cons\u00e9quence d\u2019une base solide et bien trait\u00e9e\n<\/h3>\t\t\t\t<\/div>\n\t\t\t\t<\/div>\n\t\t\t\t<div class=\"elementor-element elementor-element-5773823 elementor-icon-list--layout-traditional elementor-list-item-link-full_width elementor-widget elementor-widget-icon-list\" data-id=\"5773823\" data-element_type=\"widget\" data-e-type=\"widget\" data-widget_type=\"icon-list.default\">\n\t\t\t\t<div class=\"elementor-widget-container\">\n\t\t\t\t\t\t\t<ul class=\"elementor-icon-list-items\">\n\t\t\t\t\t\t\t<li class=\"elementor-icon-list-item\">\n\t\t\t\t\t\t\t\t\t\t\t<span class=\"elementor-icon-list-icon\">\n\t\t\t\t\t\t\t<svg aria-hidden=\"true\" class=\"e-font-icon-svg e-fas-tooth\" viewBox=\"0 0 448 512\" xmlns=\"http:\/\/www.w3.org\/2000\/svg\"><path d=\"M443.98 96.25c-11.01-45.22-47.11-82.06-92.01-93.72-32.19-8.36-63 5.1-89.14 24.33-3.25 2.39-6.96 3.73-10.5 5.48l28.32 18.21c7.42 4.77 9.58 14.67 4.8 22.11-4.46 6.95-14.27 9.86-22.11 4.8L162.83 12.84c-20.7-10.85-43.38-16.4-66.81-10.31-44.9 11.67-81 48.5-92.01 93.72-10.13 41.62-.42 80.81 21.5 110.43 23.36 31.57 32.68 68.66 36.29 107.35 4.4 47.16 10.33 94.16 20.94 140.32l7.8 33.95c3.19 13.87 15.49 23.7 29.67 23.7 13.97 0 26.15-9.55 29.54-23.16l34.47-138.42c4.56-18.32 20.96-31.16 39.76-31.16s35.2 12.85 39.76 31.16l34.47 138.42c3.39 13.61 15.57 23.16 29.54 23.16 14.18 0 26.48-9.83 29.67-23.7l7.8-33.95c10.61-46.15 16.53-93.16 20.94-140.32 3.61-38.7 12.93-75.78 36.29-107.35 21.95-29.61 31.66-68.8 21.53-110.43z\"><\/path><\/svg>\t\t\t\t\t\t<\/span>\n\t\t\t\t\t\t\t\t\t\t<span class=\"elementor-icon-list-text\"><b>Le blanchiment, les facettes ou les lentilles de contact dentaires<\/b> n\u2019ont de sens que lorsque la base est prot\u00e9g\u00e9e. L\u2019ordre clinique ne change pas : la sant\u00e9 des gencives, la fonction de mastication et les proportions correctes passent toujours avant l\u2019esth\u00e9tique. Lorsque cette logique est respect\u00e9e, le r\u00e9sultat tend \u00e0 \u00eatre plus naturel et durable.  <\/span>\n\t\t\t\t\t\t\t\t\t<\/li>\n\t\t\t\t\t\t<\/ul>\n\t\t\t\t\t\t<\/div>\n\t\t\t\t<\/div>\n\t\t\t\t<div class=\"elementor-element elementor-element-55e2490 elementor-widget elementor-widget-heading\" data-id=\"55e2490\" data-element_type=\"widget\" data-e-type=\"widget\" data-widget_type=\"heading.default\">\n\t\t\t\t<div class=\"elementor-widget-container\">\n\t\t\t\t\t<h2 class=\"elementor-heading-title elementor-size-default\">Implants dentaires et d\u00e9cisions d\u00e9finitives \u00e0 l\u2019\u00e2ge adulte<\/h2>\t\t\t\t<\/div>\n\t\t\t\t<\/div>\n\t\t\t\t<div class=\"elementor-element elementor-element-26f517c elementor-widget elementor-widget-text-editor\" data-id=\"26f517c\" data-element_type=\"widget\" data-e-type=\"widget\" data-widget_type=\"text-editor.default\">\n\t\t\t\t<div class=\"elementor-widget-container\">\n\t\t\t\t\t\t\t\t\t<p>Malgr\u00e9 la jovialit\u00e9 de l\u2019\u00e2ge, \u00e0 21 ans nous pouvons \u00e9galement rencontrer des situations d\u2019absence dentaire. <br>Les progr\u00e8s de la m\u00e9decine dentaire ont permis aux implants d\u2019\u00eatre une solution largement \u00e9tudi\u00e9e et utilis\u00e9e dans ces situations, \u00e0 condition qu\u2019il existe une indication clinique et une \u00e9valuation individuelle.<\/p><p>C\u2019est l\u2019American Dental Association (ADA) qui <a href=\"https:\/\/www.mouthhealthy.org\/all-topics-a-z\/implants\" target=\"_blank\" rel=\"noopener\">d\u00e9crit<\/a> <strong>les implants dentaires comme une option efficace et \u00e0 long terme pour remplacer les dents perdues lorsqu\u2019elles sont correctement planifi\u00e9es<\/strong>, comme nous le disons <a href=\"https:\/\/aclinicadrpedromota.pt\/quanto-tempo-dura-um-implante-dentario\/\" target=\"_blank\" rel=\"noopener\">ici<\/a>.<\/p><p>Mais il y a un inconv\u00e9nient. Des organisations scientifiques comme l<a href=\"https:\/\/academy.iti.org\/academy\/consensus-database\" target=\"_blank\" rel=\"noopener\">\u2019International Team for Implantology<\/a> soulignent <strong>l\u2019importance de respecter la maturit\u00e9 du squelette et la planification bas\u00e9e sur les preuves pour assurer la pr\u00e9visibilit\u00e9.<\/strong> <br><br><\/p>\t\t\t\t\t\t\t\t<\/div>\n\t\t\t\t<\/div>\n\t\t\t\t<div class=\"elementor-element elementor-element-87f5e83 elementor-widget elementor-widget-heading\" data-id=\"87f5e83\" data-element_type=\"widget\" data-e-type=\"widget\" data-widget_type=\"heading.default\">\n\t\t\t\t<div class=\"elementor-widget-container\">\n\t\t\t\t\t<h2 class=\"elementor-heading-title elementor-size-default\">La dent 21 : un petit d\u00e9tail avec impact central<\/h2>\t\t\t\t<\/div>\n\t\t\t\t<\/div>\n\t\t\t\t<div class=\"elementor-element elementor-element-96a8b41 elementor-widget elementor-widget-text-editor\" data-id=\"96a8b41\" data-element_type=\"widget\" data-e-type=\"widget\" data-widget_type=\"text-editor.default\">\n\t\t\t\t<div class=\"elementor-widget-container\">\n\t\t\t\t\t\t\t\t\t<p>La dent 21 incisive centrale, selon la nomenclature dentaire internationale, correspond \u00e0 l<a href=\"https:\/\/www.msdmanuals.com\/pt\/profissional\/dist%C3%BArbios-odontol%C3%B3gicos\/abordagem-do-paciente-odontol%C3%B3gico\/anatomia-e-desenvolvimento-dental\" target=\"_blank\" rel=\"noopener\"><strong>\u2019incisive centrale sup\u00e9rieure gauche<\/strong><\/a>. C\u2019est une dent structurellement simple, mais fonctionnelle et esth\u00e9tiquement d\u00e9terminante.<\/p><p>Participe \u00e0 des t\u00e2ches essentielles telles que :<\/p><ul><li><strong>Coupure des aliments;<\/strong><\/li><li><strong>Phon\u00e9tique;<\/strong><\/li><li><strong>Perception visuelle du sourire. <\/strong><\/li><\/ul><p>Lorsque cette dent est fractur\u00e9e, <a href=\"https:\/\/aclinicadrpedromota.pt\/fr\/dans-a-clinica-dr-pedro-mota-il-y-a-un-spa-qui-peut-traiter-les-taches-sur-les-dents\/\" target=\"_blank\" rel=\"noopener\">noircie<\/a>, mal align\u00e9e ou absente, l\u2019impact est imm\u00e9diat car elle modifie la ligne m\u00e9diane et l\u2019harmonie du visage.<\/p><p><strong>R\u00e9habiliter une incisive centrale n\u2019est pas un geste isol\u00e9.<\/strong> N\u00e9cessite une planification pr\u00e9cise et le respect de la fonction et de l\u2019esth\u00e9tique.<\/p><p>C\u2019est un bon exemple de la fa\u00e7on dont, en m\u00e9decine dentaire, les petits d\u00e9tails peuvent avoir des cons\u00e9quences importantes. Apr\u00e8s tout, ce n\u2019est qu\u2019une dent ! <\/p>\t\t\t\t\t\t\t\t<\/div>\n\t\t\t\t<\/div>\n\t\t\t\t<div class=\"elementor-element elementor-element-178c560 elementor-widget elementor-widget-heading\" data-id=\"178c560\" data-element_type=\"widget\" data-e-type=\"widget\" data-widget_type=\"heading.default\">\n\t\t\t\t<div class=\"elementor-widget-container\">\n\t\t\t\t\t<h3 class=\"elementor-heading-title elementor-size-default\">21 ans de pratique clinique : de la pr\u00e9vention \u00e0 la r\u00e9\u00e9ducation consciente<\/h3>\t\t\t\t<\/div>\n\t\t\t\t<\/div>\n\t\t\t\t<div class=\"elementor-element elementor-element-86a1567 elementor-widget elementor-widget-text-editor\" data-id=\"86a1567\" data-element_type=\"widget\" data-e-type=\"widget\" data-widget_type=\"text-editor.default\">\n\t\t\t\t<div class=\"elementor-widget-container\">\n\t\t\t\t\t\t\t\t\t<p>Et ce n\u2019est pas que <a href=\"https:\/\/aclinicadrpedromota.pt\/fr\/clinique\/histoire-de-la-clinique\/\" target=\"_blank\" rel=\"noopener\">l\u2019histoire de la clinique Dr. Pedro Mota<\/a> accompagne l\u2019\u00e9volution naturelle des dents de ses patients.<\/p><p>Depuis de nombreuses ann\u00e9es, <strong>nous misons sur la pr\u00e9vention, l\u2019\u00e9ducation \u00e0 l\u2019hygi\u00e8ne buccale et la consultation r\u00e9guli\u00e8re comme moyen de r\u00e9duire les maladies.<\/strong><\/p><p>Apr\u00e8s 21 ans, ce travail a port\u00e9 ses fruits. Aujourd\u2019hui, n<strong>os patients arrivent avec plus de conscience, des gencives en meilleure sant\u00e9 et des attentes diff\u00e9rentes.<\/strong> De plus, ils ont tous une meilleure sant\u00e9 buccale. <a href=\"https:\/\/aclinicadrpedromota.pt\/fr\/cas-cliniques\/\" target=\"_blank\" rel=\"noopener\">N\u2019A Cl\u00ednica ont trouv\u00e9 une forme diff\u00e9renci\u00e9e de traitement<\/a>, bas\u00e9e sur la<a href=\"https:\/\/aclinicadrpedromota.pt\/fr\/clinique\/notre-technologie\/\" target=\"_blank\" rel=\"noopener\"> technologie de pointe<\/a> associ\u00e9e \u00e0 ce savoir-faire!  <\/p><p>La pr\u00e9vention reste la base, mais la r\u00e9alit\u00e9 clinique a \u00e9volu\u00e9 vers des besoins plus complexes qui n\u00e9cessitent une planification, une technologie et une formation continue.<\/p><p>C\u2019est dans ce contexte que s\u2019inscrit <a href=\"https:\/\/aclinicadrpedromota.pt\/fr\/specialites\/endodontie-au-microscope\/\" target=\"_blank\" rel=\"noopener\">l\u2019endodontie assist\u00e9e par microscope<\/a>, qui permet une plus grande pr\u00e9cision et la pr\u00e9servation des dents dans des situations qui auparavant pourraient culminer dans l\u2019extraction.<\/p>\t\t\t\t\t\t\t\t<\/div>\n\t\t\t\t<\/div>\n\t\t\t\t<div class=\"elementor-element elementor-element-375dfb8 elementor-widget elementor-widget-heading\" data-id=\"375dfb8\" data-element_type=\"widget\" data-e-type=\"widget\" data-widget_type=\"heading.default\">\n\t\t\t\t<div class=\"elementor-widget-container\">\n\t\t\t\t\t<h3 class=\"elementor-heading-title elementor-size-default\">Hygi\u00e8ne orale avec protocole GBT : m\u00e9thode et contr\u00f4le du film biologique<\/h3>\t\t\t\t<\/div>\n\t\t\t\t<\/div>\n\t\t\t\t<div class=\"elementor-element elementor-element-ffdb729 elementor-widget elementor-widget-text-editor\" data-id=\"ffdb729\" data-element_type=\"widget\" data-e-type=\"widget\" data-widget_type=\"text-editor.default\">\n\t\t\t\t<div class=\"elementor-widget-container\">\n\t\t\t\t\t\t\t\t\t<p>Pr\u00e9cis\u00e9ment \u00e0 la pr\u00e9vention moderne assenta em m\u00e9thode.<\/p><p>C\u2019est avec cette id\u00e9e que EMS Dental a d\u00e9velopp\u00e9 la <a href=\"https:\/\/www.ems-dental.com\/pt-pt?utm_source=google&amp;utm_medium=cpc&amp;utm_campaign=search_gbt_machine_eu&amp;gad_source=1&amp;gad_campaignid=22405102756&amp;gbraid=0AAAAADMEMKq7u8aOhV6JtEFjF4-28w_8k&amp;gclid=Cj0KCQiA1JLLBhCDARIsAAVfy7g2O_atvPgwCpgJGIOf7VHdLiNN5RfePIdhJDH4ZW7Hzh-RujfMNgcaAgmKEALw_wcB\" target=\"_blank\" rel=\"noopener\">th\u00e9rapie guid\u00e9e par biofilm (GBT),<\/a> un protocole r\u00e9volutionnaire structur\u00e9 et bas\u00e9 sur des preuves scientifiques pour le contr\u00f4le du biofilm, favorisant l\u2019efficacit\u00e9 et le confort pendant l\u2019hygi\u00e8ne bucco-dentaire professionnelle.<\/p><p><strong>La clinique Dr. Pedro Mota, qui f\u00eate ses 21 ans d\u2019existence, est fi\u00e8re d\u2019\u00eatre une clinique dentaire \u00e0 Vila Franca de Xira certifi\u00e9e pour l\u2019application de ce protocole,<\/strong> <a href=\"https:\/\/aclinicadrpedromota.pt\/protocolo-gbt\/\" target=\"_blank\" rel=\"noopener\">comme nous l\u2019avons d\u00e9j\u00e0 vu<\/a>.<\/p><p>Ce type d\u2019approche renforce l\u2019id\u00e9e que la technologie bien appliqu\u00e9e n\u2019est pas superflue, c\u2019est une rigueur clinique.<\/p>\t\t\t\t\t\t\t\t<\/div>\n\t\t\t\t<\/div>\n\t\t\t\t<div class=\"elementor-element elementor-element-78acb48 elementor-widget elementor-widget-heading\" data-id=\"78acb48\" data-element_type=\"widget\" data-e-type=\"widget\" data-widget_type=\"heading.default\">\n\t\t\t\t<div class=\"elementor-widget-container\">\n\t\t\t\t\t<h2 class=\"elementor-heading-title elementor-size-default\">R\u00e9solution des 21 ans : d\u00e9cider avec le temps fait partie du traitement<\/h2>\t\t\t\t<\/div>\n\t\t\t\t<\/div>\n\t\t\t\t<div class=\"elementor-element elementor-element-cd051ab elementor-widget elementor-widget-text-editor\" data-id=\"cd051ab\" data-element_type=\"widget\" data-e-type=\"widget\" data-widget_type=\"text-editor.default\">\n\t\t\t\t<div class=\"elementor-widget-container\">\n\t\t\t\t\t\t\t\t\t<p><strong>A 21 ans, de nombreux probl\u00e8mes sont encore \u00e0 un stade pr\u00e9coce.<\/strong><\/p><p>C\u2019est pr\u00e9cis\u00e9ment dans cette phase qu\u2019elles sont les <strong>plus faciles \u00e0 r\u00e9soudre, avec moins d\u2019intervention et une plus grande pr\u00e9visibilit\u00e9.<\/strong><\/p><p>Par cons\u00e9quent, le message que nous voulons laisser \u00e0 ceux qui ont 21 ans n\u2019est pas de faire des traitements, mais d\u2019\u00e9valuer, de comprendre et de planifier.<\/p><p>Une consultation bien men\u00e9e permet de prot\u00e9ger ce qui est sain et d\u2019intervenir seulement l\u00e0 o\u00f9 c\u2019est n\u00e9cessaire, sur la base de donn\u00e9es cliniques et non pas en urgence.<\/p><p><a href=\"https:\/\/aclinicadrpedromota.pt\/fr\/informations\/\">Programmez <\/a>votre consultation de dentiste \u00e0 la clinique et commencez \u00e0 pr\u00e9venir d\u00e8s l\u2019\u00e2ge de 21 ans pour atteindre les personnes \u00e2g\u00e9es avec des dents saines.<\/p><p>Apr\u00e8s tout cela, vous avez d\u00e9j\u00e0 compris pourquoi ne pas fixer les 21 ans comme une date symbolique.<\/p><p>Dans de nombreux cas, c\u2019est <strong>le moment o\u00f9 la sant\u00e9 bucco-dentaire cesse d\u2019\u00eatre provisoire et commence \u00e0 \u00eatre pens\u00e9e avec une vision \u00e0 long terme.<\/strong><\/p><p>Dans la clinique Dr. Pedro Mota, \u00e0 Vila Franca de Xira, cette approche est maintenue depuis 21 ans : pr\u00e9vention comme base, technologie au service de la rigueur clinique et d\u00e9cisions prises avec le temps, l\u2019information et la responsabilit\u00e9.<\/p><p><strong>Prendre soin du sourire, c\u2019est avant tout <\/strong><strong>prendre bien soin de lui.<\/strong> Nous continuons pour plus de 21 ans \u00e0 retourner des sourires&#8230;<\/p><p> <\/p>\t\t\t\t\t\t\t\t<\/div>\n\t\t\t\t<\/div>\n\t\t\t\t<div class=\"elementor-element elementor-element-e8a9197 elementor-widget elementor-widget-video\" data-id=\"e8a9197\" data-element_type=\"widget\" data-e-type=\"widget\" data-settings=\"{&quot;youtube_url&quot;:&quot;https:\\\/\\\/www.youtube.com\\\/watch?v=xrizOyzfvUA&amp;list=PLqzC8xyJB_nABn2LaxN8075u1A46vGfw2&amp;index=8&quot;,&quot;video_type&quot;:&quot;youtube&quot;,&quot;controls&quot;:&quot;yes&quot;}\" data-widget_type=\"video.default\">\n\t\t\t\t<div class=\"elementor-widget-container\">\n\t\t\t\t\t\t\t<div class=\"elementor-wrapper elementor-open-inline\">\n\t\t\t<div class=\"elementor-video\"><\/div>\t\t<\/div>\n\t\t\t\t\t\t<\/div>\n\t\t\t\t<\/div>\n\t\t\t\t\t<\/div>\n\t\t<\/div>\n\t\t\t\t<div class=\"elementor-column elementor-col-33 elementor-top-column elementor-element elementor-element-151aa7d\" data-id=\"151aa7d\" data-element_type=\"column\" data-e-type=\"column\">\n\t\t\t<div class=\"elementor-widget-wrap elementor-element-populated\">\n\t\t\t\t\t\t<div class=\"elementor-element elementor-element-e163e4b elementor-widget elementor-widget-text-editor\" data-id=\"e163e4b\" data-element_type=\"widget\" data-e-type=\"widget\" data-widget_type=\"text-editor.default\">\n\t\t\t\t<div class=\"elementor-widget-container\">\n\t\t\t\t\t\t\t\t\t<p>Vous pourriez \u00eatre int\u00e9ress\u00e9 par :<\/p>\t\t\t\t\t\t\t\t<\/div>\n\t\t\t\t<\/div>\n\t\t\t\t\t<\/div>\n\t\t<\/div>\n\t\t\t\t\t<\/div>\n\t\t<\/section>\n\t\t\t\t<\/div>\n\t\t","protected":false},"excerpt":{"rendered":"<p>La sant\u00e9 bucco-dentaire \u00e0 21 ans apporte une stabilit\u00e9 structurelle qui permet des d\u00e9cisions plus pr\u00e9visibles. Sachez quoi \u00e9valuer : le nez, la morsure, l\u2019esth\u00e9tique et la dent 21! <\/p>\n","protected":false},"author":2,"featured_media":20267,"comment_status":"closed","ping_status":"closed","sticky":false,"template":"","format":"standard","meta":{"site-sidebar-layout":"default","site-content-layout":"","ast-site-content-layout":"default","site-content-style":"default","site-sidebar-style":"default","ast-global-header-display":"","ast-banner-title-visibility":"","ast-main-header-display":"","ast-hfb-above-header-display":"","ast-hfb-below-header-display":"","ast-hfb-mobile-header-display":"","site-post-title":"disabled","ast-breadcrumbs-content":"","ast-featured-img":"","footer-sml-layout":"","ast-disable-related-posts":"","theme-transparent-header-meta":"","adv-header-id-meta":"","stick-header-meta":"","header-above-stick-meta":"","header-main-stick-meta":"","header-below-stick-meta":"","astra-migrate-meta-layouts":"default","ast-page-background-enabled":"default","ast-page-background-meta":{"desktop":{"background-color":"var(--ast-global-color-4)","background-image":"","background-repeat":"repeat","background-position":"center center","background-size":"auto","background-attachment":"scroll","background-type":"","background-media":"","overlay-type":"","overlay-color":"","overlay-opacity":"","overlay-gradient":""},"tablet":{"background-color":"","background-image":"","background-repeat":"repeat","background-position":"center center","background-size":"auto","background-attachment":"scroll","background-type":"","background-media":"","overlay-type":"","overlay-color":"","overlay-opacity":"","overlay-gradient":""},"mobile":{"background-color":"","background-image":"","background-repeat":"repeat","background-position":"center center","background-size":"auto","background-attachment":"scroll","background-type":"","background-media":"","overlay-type":"","overlay-color":"","overlay-opacity":"","overlay-gradient":""}},"ast-content-background-meta":{"desktop":{"background-color":"var(--ast-global-color-5)","background-image":"","background-repeat":"repeat","background-position":"center center","background-size":"auto","background-attachment":"scroll","background-type":"","background-media":"","overlay-type":"","overlay-color":"","overlay-opacity":"","overlay-gradient":""},"tablet":{"background-color":"var(--ast-global-color-5)","background-image":"","background-repeat":"repeat","background-position":"center center","background-size":"auto","background-attachment":"scroll","background-type":"","background-media":"","overlay-type":"","overlay-color":"","overlay-opacity":"","overlay-gradient":""},"mobile":{"background-color":"var(--ast-global-color-5)","background-image":"","background-repeat":"repeat","background-position":"center center","background-size":"auto","background-attachment":"scroll","background-type":"","background-media":"","overlay-type":"","overlay-color":"","overlay-opacity":"","overlay-gradient":""}},"_joinchat":[],"footnotes":""},"categories":[130],"tags":[131,132,133],"class_list":["post-20268","post","type-post","status-publish","format-standard","has-post-thumbnail","hentry","category-articles-de-blog","tag-clinica-dr-pedro-mota","tag-sante-buccale","tag-sante-buccale-adultes"],"_links":{"self":[{"href":"https:\/\/aclinicadrpedromota.pt\/fr\/wp-json\/wp\/v2\/posts\/20268","targetHints":{"allow":["GET"]}}],"collection":[{"href":"https:\/\/aclinicadrpedromota.pt\/fr\/wp-json\/wp\/v2\/posts"}],"about":[{"href":"https:\/\/aclinicadrpedromota.pt\/fr\/wp-json\/wp\/v2\/types\/post"}],"author":[{"embeddable":true,"href":"https:\/\/aclinicadrpedromota.pt\/fr\/wp-json\/wp\/v2\/users\/2"}],"replies":[{"embeddable":true,"href":"https:\/\/aclinicadrpedromota.pt\/fr\/wp-json\/wp\/v2\/comments?post=20268"}],"version-history":[{"count":2,"href":"https:\/\/aclinicadrpedromota.pt\/fr\/wp-json\/wp\/v2\/posts\/20268\/revisions"}],"predecessor-version":[{"id":22915,"href":"https:\/\/aclinicadrpedromota.pt\/fr\/wp-json\/wp\/v2\/posts\/20268\/revisions\/22915"}],"wp:featuredmedia":[{"embeddable":true,"href":"https:\/\/aclinicadrpedromota.pt\/fr\/wp-json\/wp\/v2\/media\/20267"}],"wp:attachment":[{"href":"https:\/\/aclinicadrpedromota.pt\/fr\/wp-json\/wp\/v2\/media?parent=20268"}],"wp:term":[{"taxonomy":"category","embeddable":true,"href":"https:\/\/aclinicadrpedromota.pt\/fr\/wp-json\/wp\/v2\/categories?post=20268"},{"taxonomy":"post_tag","embeddable":true,"href":"https:\/\/aclinicadrpedromota.pt\/fr\/wp-json\/wp\/v2\/tags?post=20268"}],"curies":[{"name":"wp","href":"https:\/\/api.w.org\/{rel}","templated":true}]}}